{"id":1218074,"date":"2021-01-02T20:20:10","date_gmt":"2021-01-03T02:20:10","guid":{"rendered":"https:\/\/www.acapulcopress.com\/?p=1218074"},"modified":"2021-01-02T20:20:10","modified_gmt":"2021-01-03T02:20:10","slug":"estamos-en-la-ruta-del-dialogo-y-la-unidad-felix-salgado","status":"publish","type":"post","link":"https:\/\/www.acapulcopress.com\/index.php\/2021\/01\/02\/estamos-en-la-ruta-del-dialogo-y-la-unidad-felix-salgado\/","title":{"rendered":"\u00abEstamos en la ruta del di\u00e1logo y la unidad\u00bb | F\u00e9lix Salgado"},"content":{"rendered":"<p style=\"text-align: justify;\"><em>* Luis Walton \u00abvarias veces dijo que va a sumarse a quien resultara ganador y lo conozco, y s\u00e9 que es un hombre de palabra y va a cumplir su palabra\u00bb.<\/em><\/p>\n<p style=\"text-align: justify;\"><strong><em>* Adela Rom\u00e1n, Marcial Rodr\u00edguez, Beatriz Mojica y los dem\u00e1s, \u00ab\u00a1est\u00e1n puestos al cien!\u00bb.<\/em><\/strong><\/p>\n<p style=\"text-align: justify;\">ACAPULCO. | 2 de enero de 2021.<br \/>\n<em>] Especial.<\/em><br \/>\nEl coordinador estatal de la Cuarta Transformaci\u00f3n en Guerrero, F\u00e9lix Salgado Macedonio, afirm\u00f3 que en estos momentos Morena est\u00e1 \u00aben la ruta del trabajo, el di\u00e1logo y la unidad\u00bb.<\/p>\n<p style=\"text-align: justify;\">Tras tomar protesta a los primeros Comit\u00e9s de Defensa de la 4T, en la Zapata, Progreso y Coloso, dijo que ha dialogado con varios de los ex aspirantes a la candidatura al gobierno del estado y continuar\u00e1 hasta hacerlo con todos.<\/p>\n<p style=\"text-align: justify;\"><img loading=\"lazy\" decoding=\"async\" class=\"alignleft size-medium wp-image-1218078\" src=\"https:\/\/www.acapulco.press\/wp-content\/uploads\/2021\/01\/FELIX-375x281.jpg\" alt=\"\" width=\"375\" height=\"281\" \/>En todos los casos, dijo, \u00abhe encontrado muy buena respuesta de mis compa\u00f1eros que van a sumarse al proyecto porque son de Morena y est\u00e1n con Morena\u00bb.<\/p>\n<p style=\"text-align: justify;\">Descart\u00f3 que algunos puedan irse a otros partidos y puso como ejemplo al ex delegado federal Pablo Am\u00edlcar Sandoval Ballesteros, quien, dijo, \u00abes fundador de Morena, buen muchacho, trabajador, y aparte es de una formaci\u00f3n de izquierda, desde su abuelo, su se\u00f1or padre, con quienes fui compa\u00f1ero de trabajo, de lucha\u00bb.<\/p>\n<p style=\"text-align: justify;\">Agreg\u00f3 que Sandoval \u00abtiene bien clara su convicci\u00f3n de ser de Morena, no lo vemos por ning\u00fan otro lado que no sea Morena, me queda claro que \u00e9l es de Morena y va a apoyar <img loading=\"lazy\" decoding=\"async\" class=\"alignleft size-medium wp-image-1218077\" src=\"https:\/\/www.acapulco.press\/wp-content\/uploads\/2021\/01\/FELIX-ZAPATA3-375x250.jpg\" alt=\"\" width=\"375\" height=\"250\" \/>mucho a la Cuarta Transformaci\u00f3n transformaci\u00f3n. Va a ser un factor importante para lograrlo\u00bb.<\/p>\n<p style=\"text-align: justify;\">En el caso de Luis Walton, asever\u00f3 que \u00abvarias veces lo dijo de que va a sumarse a quien resultara ganador y lo conozco, y s\u00e9 que es un hombre de palabra y va a cumplir su palabra\u00bb.<\/p>\n<p style=\"text-align: justify;\">Adela Rom\u00e1n, Marcial Rodr\u00edguez, Beatriz Mojica y los dem\u00e1s, \u00abest\u00e1n puestos, al cien\u00bb.<\/p>\n<p style=\"text-align: justify;\">En consecuencia, Salgado Macedonio se\u00f1al\u00f3: \u00abNo veo por d\u00f3nde hubiera alguna ruptura\u00bb.<\/p>\n<p style=\"text-align: justify;\"><img loading=\"lazy\" decoding=\"async\" class=\"alignleft size-medium wp-image-1218075\" src=\"https:\/\/www.acapulco.press\/wp-content\/uploads\/2021\/01\/FELIX-ZAPATA-375x281.jpg\" alt=\"\" width=\"375\" height=\"281\" \/>El coordinador explic\u00f3 en las tres reuniones que su presencia en ellas es en car\u00e1cter de coordinador, no como candidato pues lo ser\u00e1 hasta que reciba el nombramiento.<\/p>\n<p style=\"text-align: justify;\">Tambi\u00e9n adelant\u00f3 que en la campa\u00f1a no contratar\u00e1 anuncios espectaculares, pues son contrarios a la cuarta transformaci\u00f3n, tampoco calcoman\u00edas, gorras, camisetas, engomado, ni se har\u00e1n comidas despu\u00e9s de los eventos para evitar que se contabilicen como gastos de campa\u00f1a aunque pudieran ser regalos de la gente.<\/p>\n<p style=\"text-align: justify;\">Este d\u00eda, Salgado Macedonio present\u00f3 el que ser\u00e1 el veh\u00edculo oficial de su campa\u00f1a una vez que esta inicie.<\/p>\n<p style=\"text-align: justify;\">Se trata de una combi destartalada que compr\u00f3 en Tecpan y la repar\u00f3, en lugar de usar camionetas de lujo. Se llamar\u00e1 La Pandemia, dijo.<\/p>\n","protected":false},"excerpt":{"rendered":"<p>* Luis Walton \u00abvarias veces dijo que va a sumarse a quien resultara ganador y lo conozco, y s\u00e9 que es un hombre de palabra y va a cumplir su palabra\u00bb. * Adela Rom\u00e1n, Marcial Rodr\u00edguez, Beatriz Mojica y los dem\u00e1s, \u00ab\u00a1est\u00e1n puestos al cien!\u00bb. ACAPULCO. | 2 de enero de 2021. ] Especial. El&#8230;<\/p>\n","protected":false},"author":2,"featured_media":1218076,"comment_status":"closed","ping_status":"closed","sticky":false,"template":"","format":"standard","meta":{"footnotes":""},"categories":[2024,18561],"tags":[6809,8467,13297],"class_list":["post-1218074","post","type-post","status-publish","format-standard","has-post-thumbnail","hentry","category-politica-activism","category-society-politics","tag-cuarta-transformacion","tag-felix-salgado-macedonio","tag-morena"],"_links":{"self":[{"href":"https:\/\/www.acapulcopress.com\/index.php\/wp-json\/wp\/v2\/posts\/1218074","targetHints":{"allow":["GET"]}}],"collection":[{"href":"https:\/\/www.acapulcopress.com\/index.php\/wp-json\/wp\/v2\/posts"}],"about":[{"href":"https:\/\/www.acapulcopress.com\/index.php\/wp-json\/wp\/v2\/types\/post"}],"author":[{"embeddable":true,"href":"https:\/\/www.acapulcopress.com\/index.php\/wp-json\/wp\/v2\/users\/2"}],"replies":[{"embeddable":true,"href":"https:\/\/www.acapulcopress.com\/index.php\/wp-json\/wp\/v2\/comments?post=1218074"}],"version-history":[{"count":0,"href":"https:\/\/www.acapulcopress.com\/index.php\/wp-json\/wp\/v2\/posts\/1218074\/revisions"}],"wp:featuredmedia":[{"embeddable":true,"href":"https:\/\/www.acapulcopress.com\/index.php\/wp-json\/"}],"wp:attachment":[{"href":"https:\/\/www.acapulcopress.com\/index.php\/wp-json\/wp\/v2\/media?parent=1218074"}],"wp:term":[{"taxonomy":"category","embeddable":true,"href":"https:\/\/www.acapulcopress.com\/index.php\/wp-json\/wp\/v2\/categories?post=1218074"},{"taxonomy":"post_tag","embeddable":true,"href":"https:\/\/www.acapulcopress.com\/index.php\/wp-json\/wp\/v2\/tags?post=1218074"}],"curies":[{"name":"wp","href":"https:\/\/api.w.org\/{rel}","templated":true}]}}