{"id":1218099,"date":"2021-01-07T18:19:55","date_gmt":"2021-01-08T00:19:55","guid":{"rendered":"https:\/\/www.acapulcopress.com\/?p=1218099"},"modified":"2021-01-07T18:19:55","modified_gmt":"2021-01-08T00:19:55","slug":"anuncia-saldana-una-cafeteria-y-acceso-nuevo-en-preparatoria-10-de-iguala","status":"publish","type":"post","link":"https:\/\/www.acapulcopress.com\/index.php\/2021\/01\/07\/anuncia-saldana-una-cafeteria-y-acceso-nuevo-en-preparatoria-10-de-iguala\/","title":{"rendered":"Anuncia Salda\u00f1a una cafeter\u00eda y acceso nuevo en Preparatoria 10 de Iguala"},"content":{"rendered":"<p style=\"text-align: justify;\">CHILPANCINGO. | 7 de enero de 2021.<br \/>\n<em>] UAGro.<\/em><br \/>\nEl Rector de la UAGro, Javier Salda\u00f1a Almaz\u00e1n, anunci\u00f3 que \u00abpronto inauguraremos una nueva cafeter\u00eda y la entrada de la Preparatoria No. 10 de Iguala\u00bb, esto con el prop\u00f3sito de \u00abofrecer a la comunidad estudiantil espacios agradables para su desarrollo y convivencia\u00bb.<\/p>\n<p><img loading=\"lazy\" decoding=\"async\" class=\"alignnone wp-image-1218100 size-large\" src=\"https:\/\/www.acapulco.press\/wp-content\/uploads\/2021\/01\/COFFEE-UAGRO-IGUALA-840x574.jpg\" alt=\"\" width=\"840\" height=\"574\" \/><\/p>\n","protected":false},"excerpt":{"rendered":"<p>CHILPANCINGO. | 7 de enero de 2021. ] UAGro. El Rector de la UAGro, Javier Salda\u00f1a Almaz\u00e1n, anunci\u00f3 que \u00abpronto inauguraremos una nueva cafeter\u00eda y la entrada de la Preparatoria No. 10 de Iguala\u00bb, esto con el prop\u00f3sito de \u00abofrecer a la comunidad estudiantil espacios agradables para su desarrollo y convivencia\u00bb.<\/p>\n","protected":false},"author":2,"featured_media":1218101,"comment_status":"closed","ping_status":"closed","sticky":false,"template":"","format":"standard","meta":{"footnotes":""},"categories":[18561,2016],"tags":[6050,6503,6705,10644,11644,17463,17610],"class_list":["post-1218099","post","type-post","status-publish","format-standard","has-post-thumbnail","hentry","category-society-politics","category-uagro-society-politics","tag-comedor-universitario-uagro","tag-consejo-para-la-acreditacion-de-la-educacion-superior-copaes","tag-covid19","tag-javier-saldana-almazan","tag-laboratorio-de-diagnostico-e-investigacion-de-salud-labdis","tag-uagro","tag-universidad-autonoma-de-guerrero-uagro"],"_links":{"self":[{"href":"https:\/\/www.acapulcopress.com\/index.php\/wp-json\/wp\/v2\/posts\/1218099","targetHints":{"allow":["GET"]}}],"collection":[{"href":"https:\/\/www.acapulcopress.com\/index.php\/wp-json\/wp\/v2\/posts"}],"about":[{"href":"https:\/\/www.acapulcopress.com\/index.php\/wp-json\/wp\/v2\/types\/post"}],"author":[{"embeddable":true,"href":"https:\/\/www.acapulcopress.com\/index.php\/wp-json\/wp\/v2\/users\/2"}],"replies":[{"embeddable":true,"href":"https:\/\/www.acapulcopress.com\/index.php\/wp-json\/wp\/v2\/comments?post=1218099"}],"version-history":[{"count":0,"href":"https:\/\/www.acapulcopress.com\/index.php\/wp-json\/wp\/v2\/posts\/1218099\/revisions"}],"wp:featuredmedia":[{"embeddable":true,"href":"https:\/\/www.acapulcopress.com\/index.php\/wp-json\/"}],"wp:attachment":[{"href":"https:\/\/www.acapulcopress.com\/index.php\/wp-json\/wp\/v2\/media?parent=1218099"}],"wp:term":[{"taxonomy":"category","embeddable":true,"href":"https:\/\/www.acapulcopress.com\/index.php\/wp-json\/wp\/v2\/categories?post=1218099"},{"taxonomy":"post_tag","embeddable":true,"href":"https:\/\/www.acapulcopress.com\/index.php\/wp-json\/wp\/v2\/tags?post=1218099"}],"curies":[{"name":"wp","href":"https:\/\/api.w.org\/{rel}","templated":true}]}}