{"id":1218107,"date":"2021-01-07T19:02:50","date_gmt":"2021-01-08T01:02:50","guid":{"rendered":"https:\/\/www.acapulcopress.com\/?p=1218107"},"modified":"2021-01-07T19:02:50","modified_gmt":"2021-01-08T01:02:50","slug":"victor-aguirre-se-mantiene-firme-ante-el-reto-de-luchar-por-las-necesidades-de-acapulco","status":"publish","type":"post","link":"https:\/\/www.acapulcopress.com\/index.php\/2021\/01\/07\/victor-aguirre-se-mantiene-firme-ante-el-reto-de-luchar-por-las-necesidades-de-acapulco\/","title":{"rendered":"V\u00edctor Aguirre se mantiene firme ante el reto de luchar por las necesidades de Acapulco"},"content":{"rendered":"<p style=\"text-align: justify;\">ACAPULCO. | 7 de enero de 2021.<br \/>\n] Acapulco Press.<br \/>\n<img loading=\"lazy\" decoding=\"async\" class=\"alignleft size-medium wp-image-1218110\" src=\"https:\/\/www.acapulco.press\/wp-content\/uploads\/2021\/01\/AGUIRRE-ZAPATA2-375x250.jpg\" alt=\"\" width=\"375\" height=\"250\" \/>De visita por la populosa colonia Emiliano Zapata, el aspirante perredista a la alcald\u00eda de Acapulco, V\u00edctor Aguirre Alcaide, sostuvo que se mantiene firme y fuerte ante el reto de luchar por las necesidades de cada ciudadano.<\/p>\n<p>\u00abEstoy seguro que lograremos las metas propuestas\u00bb, advirti\u00f3 Aguirre al se\u00f1alar que cada sector de Acapulco representa un pilar importante que merece respeto e inclusi\u00f3n.<\/p>\n<p>Tras de manifestar que como presidente dar\u00e1 prioridad a la inseguridad, \u00abuno o de los grandes males de nuestra regi\u00f3n\u00bb, Aguirre Alcaide complement\u00f3 que su gobierno priorizar\u00e1 las pol\u00edticas y los recursos para garantizar una seguridad p\u00fablica que cuide a todos los acapulque\u00f1os.<\/p>\n<p><img loading=\"lazy\" decoding=\"async\" class=\"alignnone wp-image-1218108 size-large\" src=\"https:\/\/www.acapulco.press\/wp-content\/uploads\/2021\/01\/aguirre-alcaide-840x840.jpg\" alt=\"\" width=\"840\" height=\"840\" \/><\/p>\n","protected":false},"excerpt":{"rendered":"<p>ACAPULCO. | 7 de enero de 2021. ] Acapulco Press. De visita por la populosa colonia Emiliano Zapata, el aspirante perredista a la alcald\u00eda de Acapulco, V\u00edctor Aguirre Alcaide, sostuvo que se mantiene firme y fuerte ante el reto de luchar por las necesidades de cada ciudadano. \u00abEstoy seguro que lograremos las metas propuestas\u00bb, advirti\u00f3&#8230;<\/p>\n","protected":false},"author":2,"featured_media":1218111,"comment_status":"closed","ping_status":"closed","sticky":false,"template":"","format":"standard","meta":{"footnotes":""},"categories":[2024,18561],"tags":[2688,3159,14804,17843],"class_list":["post-1218107","post","type-post","status-publish","format-standard","has-post-thumbnail","hentry","category-politica-activism","category-society-politics","tag-elfuturodeacapulco","tag-acapulco-2021","tag-prd","tag-victor-aguirre-alcaide"],"_links":{"self":[{"href":"https:\/\/www.acapulcopress.com\/index.php\/wp-json\/wp\/v2\/posts\/1218107","targetHints":{"allow":["GET"]}}],"collection":[{"href":"https:\/\/www.acapulcopress.com\/index.php\/wp-json\/wp\/v2\/posts"}],"about":[{"href":"https:\/\/www.acapulcopress.com\/index.php\/wp-json\/wp\/v2\/types\/post"}],"author":[{"embeddable":true,"href":"https:\/\/www.acapulcopress.com\/index.php\/wp-json\/wp\/v2\/users\/2"}],"replies":[{"embeddable":true,"href":"https:\/\/www.acapulcopress.com\/index.php\/wp-json\/wp\/v2\/comments?post=1218107"}],"version-history":[{"count":0,"href":"https:\/\/www.acapulcopress.com\/index.php\/wp-json\/wp\/v2\/posts\/1218107\/revisions"}],"wp:featuredmedia":[{"embeddable":true,"href":"https:\/\/www.acapulcopress.com\/index.php\/wp-json\/"}],"wp:attachment":[{"href":"https:\/\/www.acapulcopress.com\/index.php\/wp-json\/wp\/v2\/media?parent=1218107"}],"wp:term":[{"taxonomy":"category","embeddable":true,"href":"https:\/\/www.acapulcopress.com\/index.php\/wp-json\/wp\/v2\/categories?post=1218107"},{"taxonomy":"post_tag","embeddable":true,"href":"https:\/\/www.acapulcopress.com\/index.php\/wp-json\/wp\/v2\/tags?post=1218107"}],"curies":[{"name":"wp","href":"https:\/\/api.w.org\/{rel}","templated":true}]}}