{"id":1218132,"date":"2021-01-07T19:47:11","date_gmt":"2021-01-08T01:47:11","guid":{"rendered":"https:\/\/www.acapulcopress.com\/?p=1218132"},"modified":"2021-01-07T19:47:11","modified_gmt":"2021-01-08T01:47:11","slug":"las-mujeres-seran-parte-fundamental-en-mi-gobierno-afirmo-victor-aguirre","status":"publish","type":"post","link":"https:\/\/www.acapulcopress.com\/index.php\/2021\/01\/07\/las-mujeres-seran-parte-fundamental-en-mi-gobierno-afirmo-victor-aguirre\/","title":{"rendered":"Las mujeres ser\u00e1n parte fundamental en mi gobierno, afirma V\u00edctor Aguirre"},"content":{"rendered":"<p style=\"text-align: justify;\"><strong><em>* Tras encabezar su cierre de precampa\u00f1a en la colonia Aguirre Alcaide manifest\u00f3 que llevar\u00e1 una ruta de orden, garantizando los servicios p\u00fablicos de calidad, distribuci\u00f3n de agua potable, la prevenci\u00f3n del delito, la rehabilitaci\u00f3n de las tratadoras de agua y el saneamiento de las finanzas del ayuntamiento.<\/em><\/strong><\/p>\n<p style=\"text-align: justify;\">ACAPULCO. | 7 de enero de 2021.<br \/>\n<em>] Comunicado.<\/em><br \/>\nV\u00edctor Aguirre Alcaide afirm\u00f3 que ganar\u00e1 la presidencia municipal de Acapulco con el apoyo de las mujeres y <img loading=\"lazy\" decoding=\"async\" class=\"alignleft size-medium wp-image-1218134\" src=\"https:\/\/www.acapulco.press\/wp-content\/uploads\/2021\/01\/CIERRE-VAA2-375x281.jpeg\" alt=\"\" width=\"375\" height=\"281\" \/>hombres en la elecci\u00f3n de este a\u00f1o.<\/p>\n<p style=\"text-align: justify;\">El precandidato del PRD a la alcald\u00eda de Acapulco, afirm\u00f3 que las \u00abmujeres ser\u00e1n parte fundamental en mi gobierno\u00bb ya que, tendr\u00e1n que \u00abser reconocidas por cada uno de nosotros, vamos a luchar y ellas ser\u00e1n mi prioridad\u00bb.<\/p>\n<p style=\"text-align: justify;\">Tras encabezar este jueves su cierre de precampa\u00f1a en la Colonia Zapata del puerto, manifest\u00f3 que llevar\u00e1 una ruta de orden, garantizando los servicios p\u00fablicos de calidad, distribuci\u00f3n de agua potable, la prevenci\u00f3n del delito, la rehabilitaci\u00f3n de las tratadoras de agua y el saneamiento de las finanzas del ayuntamiento.<\/p>\n<p style=\"text-align: justify;\"><img loading=\"lazy\" decoding=\"async\" class=\"alignleft size-medium wp-image-1218137\" src=\"https:\/\/www.acapulco.press\/wp-content\/uploads\/2021\/01\/CIERRE-VAA5-375x204.jpeg\" alt=\"\" width=\"375\" height=\"204\" \/>Tambi\u00e9n, asegur\u00f3 que su prioridad de gobierno ser\u00e1n los trabajadores del ayuntamiento porte\u00f1o, ya que, ser\u00e1n el eje central y principal en la pr\u00f3xima administraci\u00f3n municipal.<\/p>\n<p style=\"text-align: justify;\">\u00abD\u00f3nde vamos a salir todos adelante y la izquierda va a volver a ganar el municipio de Acapulco\u00bb, expres\u00f3.<\/p>\n<p style=\"text-align: justify;\">Por su parte, el precandidato del PRD al gobierno de Guerrero, Evodio Vel\u00e1zquez, manifest\u00f3 que V\u00edctor Aguirre es la mejor opci\u00f3n para gobernar Acapulco, ya que garantizar\u00e1 <img loading=\"lazy\" decoding=\"async\" class=\"alignleft size-medium wp-image-1218136\" src=\"https:\/\/www.acapulco.press\/wp-content\/uploads\/2021\/01\/CIERRE-VAA4-375x250.jpeg\" alt=\"\" width=\"375\" height=\"250\" \/>el desarrollo del puerto tur\u00edstico.<\/p>\n<p style=\"text-align: justify;\">\u00abEstamos contigo V\u00edctor, vamos por el mejoramiento de Guerrero y Acapulco\u00bb, expres\u00f3<\/p>\n<p style=\"text-align: justify;\">Tambi\u00e9n, diputado local del PRD, Celestino Ces\u00e1reo, respald\u00f3 la aspiraci\u00f3n de Aguirre Alcaide, quien conf\u00edo que a su llegada al gobierno municipal realizar\u00e1 un cambio de fondo, que \u00abnunca hizo la actual administraci\u00f3n\u00bb.<\/p>\n<p style=\"text-align: justify;\">\u00abEs momento de voltear a ver en la experiencia, desde abajo, les pido que confiemos y creamos en el\u00bb, enfatiz\u00f3.<\/p>\n<p style=\"text-align: justify;\"><img loading=\"lazy\" decoding=\"async\" class=\"alignleft size-medium wp-image-1218135\" src=\"https:\/\/www.acapulco.press\/wp-content\/uploads\/2021\/01\/CIERRE-VAA3-375x250.jpeg\" alt=\"\" width=\"375\" height=\"250\" \/>El precandidato estuvo acompa\u00f1ado del precandidato del PRD al gobierno de Guerrero, Evodio Vel\u00e1zquez Aguirre, el precandidato a alcalde suplente de Acapulco, Omar Reyes; el presidente del comit\u00e9 municipal del PRD en Acapulco, Bulmaro Cabrera, la precandidata a diputada a diputada local del 06, Zaida Gallegos, los diputados locales del PRD, Celestino Ces\u00e1reo y Dimna Salgado, la regidora del PRD, Gereli Astudillo Ibarrondo, el presidente de la Fecanaco, Alejandro Mart\u00ednez S\u00eddney.<\/p>\n<p style=\"text-align: justify;\">Tambi\u00e9n, la precandidata del PRD a diputada federal del 09, Fabiola Vega, el precandidato del 03 a diputado local, Francisco Rodr\u00edguez; el precandidato del PRD a diputado local del 06, Navor Garc\u00eda y el precandidato a regidor de Acapulco, Federico Morales, el precandidato del 03 Ignacio Ram\u00edrez.<\/p>\n","protected":false},"excerpt":{"rendered":"<p>* Tras encabezar su cierre de precampa\u00f1a en la colonia Aguirre Alcaide manifest\u00f3 que llevar\u00e1 una ruta de orden, garantizando los servicios p\u00fablicos de calidad, distribuci\u00f3n de agua potable, la prevenci\u00f3n del delito, la rehabilitaci\u00f3n de las tratadoras de agua y el saneamiento de las finanzas del ayuntamiento. ACAPULCO. | 7 de enero de 2021&#8230;.<\/p>\n","protected":false},"author":2,"featured_media":1218133,"comment_status":"closed","ping_status":"closed","sticky":false,"template":"","format":"standard","meta":{"footnotes":""},"categories":[2024,18561],"tags":[3159,14804,17843],"class_list":["post-1218132","post","type-post","status-publish","format-standard","has-post-thumbnail","hentry","category-politica-activism","category-society-politics","tag-acapulco-2021","tag-prd","tag-victor-aguirre-alcaide"],"_links":{"self":[{"href":"https:\/\/www.acapulcopress.com\/index.php\/wp-json\/wp\/v2\/posts\/1218132","targetHints":{"allow":["GET"]}}],"collection":[{"href":"https:\/\/www.acapulcopress.com\/index.php\/wp-json\/wp\/v2\/posts"}],"about":[{"href":"https:\/\/www.acapulcopress.com\/index.php\/wp-json\/wp\/v2\/types\/post"}],"author":[{"embeddable":true,"href":"https:\/\/www.acapulcopress.com\/index.php\/wp-json\/wp\/v2\/users\/2"}],"replies":[{"embeddable":true,"href":"https:\/\/www.acapulcopress.com\/index.php\/wp-json\/wp\/v2\/comments?post=1218132"}],"version-history":[{"count":0,"href":"https:\/\/www.acapulcopress.com\/index.php\/wp-json\/wp\/v2\/posts\/1218132\/revisions"}],"wp:featuredmedia":[{"embeddable":true,"href":"https:\/\/www.acapulcopress.com\/index.php\/wp-json\/"}],"wp:attachment":[{"href":"https:\/\/www.acapulcopress.com\/index.php\/wp-json\/wp\/v2\/media?parent=1218132"}],"wp:term":[{"taxonomy":"category","embeddable":true,"href":"https:\/\/www.acapulcopress.com\/index.php\/wp-json\/wp\/v2\/categories?post=1218132"},{"taxonomy":"post_tag","embeddable":true,"href":"https:\/\/www.acapulcopress.com\/index.php\/wp-json\/wp\/v2\/tags?post=1218132"}],"curies":[{"name":"wp","href":"https:\/\/api.w.org\/{rel}","templated":true}]}}