{"id":1218158,"date":"2021-01-07T20:21:30","date_gmt":"2021-01-08T02:21:30","guid":{"rendered":"https:\/\/www.acapulcopress.com\/?p=1218158"},"modified":"2021-01-07T20:21:30","modified_gmt":"2021-01-08T02:21:30","slug":"igor-pettit-voz-de-los-mas-vulnerables-en-el-congreso","status":"publish","type":"post","link":"https:\/\/www.acapulcopress.com\/index.php\/2021\/01\/07\/igor-pettit-voz-de-los-mas-vulnerables-en-el-congreso\/","title":{"rendered":"Igor Pettit | Voz de los m\u00e1s vulnerables en el Congreso"},"content":{"rendered":"<p style=\"text-align: justify;\">Sin Da\u00f1os a Terceros<br \/>\n]<strong> \u00c1ngel Blanco.<\/strong><br \/>\n<em>\u00bb Acapulco Press<\/em><\/p>\n<p style=\"text-align: justify;\">Dada su destacada trayectoria a favor de los derechos humanos de los grupos m\u00e1s vulnerables de Guerrero, es oficial la noticia de que el Comit\u00e9 Ejecutivo Nacional de \u201cFuerza por M\u00e9xico\u201d aval\u00f3 la nominaci\u00f3n del periodista y activista guerrerense <em>Igor Pettit c<\/em>omo candidato a Diputado Local por un distrito de Acapulco, que en tiempo y forma, conforme estipula el calendario electoral, ser\u00e1 revelado los primeros d\u00edas de marzo del presente a\u00f1o.<\/p>\n<p style=\"text-align: justify;\">\u00a1Enhorabuena por nuestro amigo Igor Pettit, cuya popularidad y trabajo en pro de los derechos humanos ha trascendido fronteras y le ha hecho merecedor de innumerables reconocimientos en M\u00e9xico y el mundo.<\/p>\n<p style=\"text-align: justify;\">Manuel Castillo Jaimes, conocido internacionalmente como<em> Igor Pettit<\/em>, seguramente har\u00e1 un papel decoroso en el Congreso del Estado como representante de todos los guerrerenses y, principalmente, de los grupos mas vulnerables de la sociedad, su comunidad LGTB y su gremio period\u00edstico.<br \/>\nwww<strong>.acapulcopress.<\/strong>com<\/p>\n","protected":false},"excerpt":{"rendered":"<p>Sin Da\u00f1os a Terceros ] \u00c1ngel Blanco. \u00bb Acapulco Press Dada su destacada trayectoria a favor de los derechos humanos de los grupos m\u00e1s vulnerables de Guerrero, es oficial la noticia de que el Comit\u00e9 Ejecutivo Nacional de \u201cFuerza por M\u00e9xico\u201d aval\u00f3 la nominaci\u00f3n del periodista y activista guerrerense Igor Pettit como candidato a Diputado&#8230;<\/p>\n","protected":false},"author":2,"featured_media":1218159,"comment_status":"closed","ping_status":"closed","sticky":false,"template":"","format":"standard","meta":{"footnotes":""},"categories":[2008],"tags":[8985,9482,10040,11921,12376],"class_list":["post-1218158","post","type-post","status-publish","format-standard","has-post-thumbnail","hentry","category-editorial","tag-fuerza-por-mexico","tag-grupos-vulnerables","tag-igor-pettit","tag-lgtb","tag-manuel-castillo-jaimes"],"_links":{"self":[{"href":"https:\/\/www.acapulcopress.com\/index.php\/wp-json\/wp\/v2\/posts\/1218158","targetHints":{"allow":["GET"]}}],"collection":[{"href":"https:\/\/www.acapulcopress.com\/index.php\/wp-json\/wp\/v2\/posts"}],"about":[{"href":"https:\/\/www.acapulcopress.com\/index.php\/wp-json\/wp\/v2\/types\/post"}],"author":[{"embeddable":true,"href":"https:\/\/www.acapulcopress.com\/index.php\/wp-json\/wp\/v2\/users\/2"}],"replies":[{"embeddable":true,"href":"https:\/\/www.acapulcopress.com\/index.php\/wp-json\/wp\/v2\/comments?post=1218158"}],"version-history":[{"count":0,"href":"https:\/\/www.acapulcopress.com\/index.php\/wp-json\/wp\/v2\/posts\/1218158\/revisions"}],"wp:featuredmedia":[{"embeddable":true,"href":"https:\/\/www.acapulcopress.com\/index.php\/wp-json\/"}],"wp:attachment":[{"href":"https:\/\/www.acapulcopress.com\/index.php\/wp-json\/wp\/v2\/media?parent=1218158"}],"wp:term":[{"taxonomy":"category","embeddable":true,"href":"https:\/\/www.acapulcopress.com\/index.php\/wp-json\/wp\/v2\/categories?post=1218158"},{"taxonomy":"post_tag","embeddable":true,"href":"https:\/\/www.acapulcopress.com\/index.php\/wp-json\/wp\/v2\/tags?post=1218158"}],"curies":[{"name":"wp","href":"https:\/\/api.w.org\/{rel}","templated":true}]}}