{"id":1218179,"date":"2021-01-07T21:18:04","date_gmt":"2021-01-08T03:18:04","guid":{"rendered":"https:\/\/www.acapulcopress.com\/?p=1218179"},"modified":"2021-01-07T21:18:04","modified_gmt":"2021-01-08T03:18:04","slug":"amlo-asegura-que-70-de-la-poblacion-quiere-que-continue-en-el-poder","status":"publish","type":"post","link":"https:\/\/www.acapulcopress.com\/index.php\/2021\/01\/07\/amlo-asegura-que-70-de-la-poblacion-quiere-que-continue-en-el-poder\/","title":{"rendered":"AMLO asegura que 70% de la poblaci\u00f3n quiere que contin\u00fae en el poder"},"content":{"rendered":"<p style=\"text-align: justify;\">CIUDAD DE M\u00c9XICO. | 7 de enero de 2021.<br \/>\n<em>] <a href=\"https:\/\/www.proceso.com.mx\/nacional\/2021\/1\/7\/amlo-asegura-que-70-de-la-poblacion-quiere-que-el-continue-en-el-poder-255821.html\" target=\"_blank\" rel=\"noopener\">Apro<\/a>.<\/em><br \/>\nEl presidente Andr\u00e9s Manuel L\u00f3pez Obrador asever\u00f3 hoy que, contrario a \u201clo que pregonan los conservadores y los intelectuales org\u00e1nicos\u201d, en M\u00e9xico \u201cno hay polarizaci\u00f3n\u201d, pues 70% de la poblaci\u00f3n \u2013subray\u00f3&#8211; quiere que \u00e9l contin\u00fae en el poder y existe \u201cunidad\u201d en torno a su figura.<\/p>\n<p style=\"text-align: justify;\">\u201cEntonces, \u00bfcu\u00e1l polarizaci\u00f3n?\u201d, pregunt\u00f3 el mandatario durante su conferencia matutina, al manifestar que \u201cno existe eso en el pa\u00eds, excepto si hablan entre la c\u00fapula, la \u00e9lite, y el pueblo; en este sentido s\u00ed hay polarizaci\u00f3n\u201d.<\/p>\n<p style=\"text-align: justify;\">A\u00f1adi\u00f3: \u201cPero que est\u00e9 dividido el pueblo de M\u00e9xico, no. Hay unidad en la mayor\u00eda del pueblo. Tan es as\u00ed que s\u00f3lo a 25% de la poblaci\u00f3n le gustar\u00eda que yo dejara el gobierno, 70% quiere que yo contin\u00fae y 5% no ha decidido\u201d.<\/p>\n<p style=\"text-align: justify;\">L\u00f3pez Obrador aprovech\u00f3 la tribuna para atacar a \u201clos grupos de intereses creados\u201d, entre ellos el empresario Claudio X. Gonz\u00e1lez, la Coparmex y \u201clos que ahora se est\u00e1n aliando\u201d &#8211;en referencia al bloque electoral formado por PRI, PAN y PRD en vistas a las elecciones de este a\u00f1o&#8211;, y tambi\u00e9n a \u201cmedios de informaci\u00f3n\u201d y \u201ccolumnistas\u201d que antes recib\u00edan \u201cchayote\u201d.<\/p>\n<p style=\"text-align: justify;\">Y asegur\u00f3 que este a\u00f1o siete de cada 10 hogares en M\u00e9xico recibir\u00e1n recursos de por lo menos un programa social; \u201cvan a recibir algo del presupuesto nacional\u201d, prometi\u00f3.<\/p>\n","protected":false},"excerpt":{"rendered":"<p>CIUDAD DE M\u00c9XICO. | 7 de enero de 2021. ] Apro. El presidente Andr\u00e9s Manuel L\u00f3pez Obrador asever\u00f3 hoy que, contrario a \u201clo que pregonan los conservadores y los intelectuales org\u00e1nicos\u201d, en M\u00e9xico \u201cno hay polarizaci\u00f3n\u201d, pues 70% de la poblaci\u00f3n \u2013subray\u00f3&#8211; quiere que \u00e9l contin\u00fae en el poder y existe \u201cunidad\u201d en torno a&#8230;<\/p>\n","protected":false},"author":2,"featured_media":1218180,"comment_status":"closed","ping_status":"closed","sticky":false,"template":"","format":"standard","meta":{"footnotes":""},"categories":[1969],"tags":[3793,3896,5863,9310,11539],"class_list":["post-1218179","post","type-post","status-publish","format-standard","has-post-thumbnail","hentry","category-trending","tag-amlo","tag-andres-manuel-lopez-obrador","tag-claudio-x-gonzalez","tag-gobierno-de-mexico","tag-la-coparmex"],"_links":{"self":[{"href":"https:\/\/www.acapulcopress.com\/index.php\/wp-json\/wp\/v2\/posts\/1218179","targetHints":{"allow":["GET"]}}],"collection":[{"href":"https:\/\/www.acapulcopress.com\/index.php\/wp-json\/wp\/v2\/posts"}],"about":[{"href":"https:\/\/www.acapulcopress.com\/index.php\/wp-json\/wp\/v2\/types\/post"}],"author":[{"embeddable":true,"href":"https:\/\/www.acapulcopress.com\/index.php\/wp-json\/wp\/v2\/users\/2"}],"replies":[{"embeddable":true,"href":"https:\/\/www.acapulcopress.com\/index.php\/wp-json\/wp\/v2\/comments?post=1218179"}],"version-history":[{"count":0,"href":"https:\/\/www.acapulcopress.com\/index.php\/wp-json\/wp\/v2\/posts\/1218179\/revisions"}],"wp:featuredmedia":[{"embeddable":true,"href":"https:\/\/www.acapulcopress.com\/index.php\/wp-json\/"}],"wp:attachment":[{"href":"https:\/\/www.acapulcopress.com\/index.php\/wp-json\/wp\/v2\/media?parent=1218179"}],"wp:term":[{"taxonomy":"category","embeddable":true,"href":"https:\/\/www.acapulcopress.com\/index.php\/wp-json\/wp\/v2\/categories?post=1218179"},{"taxonomy":"post_tag","embeddable":true,"href":"https:\/\/www.acapulcopress.com\/index.php\/wp-json\/wp\/v2\/tags?post=1218179"}],"curies":[{"name":"wp","href":"https:\/\/api.w.org\/{rel}","templated":true}]}}