{"id":1218194,"date":"2021-01-07T16:13:22","date_gmt":"2021-01-07T22:13:22","guid":{"rendered":"https:\/\/www.acapulcopress.com\/?p=1218194"},"modified":"2021-01-07T16:13:22","modified_gmt":"2021-01-07T22:13:22","slug":"o-abrimos-o-morimos-claman-empresarios-restauranteros-y-pequenos-comerciantes","status":"publish","type":"post","link":"https:\/\/www.acapulcopress.com\/index.php\/2021\/01\/07\/o-abrimos-o-morimos-claman-empresarios-restauranteros-y-pequenos-comerciantes\/","title":{"rendered":"\u00abO abrimos o morimos\u00bb, claman empresarios restauranteros y peque\u00f1os comerciantes"},"content":{"rendered":"<p style=\"text-align: justify;\">CIUDAD DE M\u00c9XICO. | 7 de enero de 2021.<br \/>\n<em>] <a href=\"https:\/\/www.proceso.com.mx\/nacional\/2021\/1\/7\/o-abrimos-morimos-empresarios-del-sector-restaurantero-del-comercio-en-pequeno-255844.html\" target=\"_blank\" rel=\"noopener\">Apro<\/a>.<\/em><br \/>\nUn d\u00eda antes de que se informe si la Ciudad de M\u00e9xico y el Estado de M\u00e9xico continuar\u00e1n en sem\u00e1foro epidemiol\u00f3gico rojo la pr\u00f3xima semana, empresarios del sector restaurantero y del comercio en peque\u00f1o pidieron a las autoridades de ambas entidades que les permitan reactivar sus actividades abiertas al p\u00fablico, y advirtieron: \u201co abrimos o morimos\u201d.<\/p>\n<p style=\"text-align: justify;\">En dos pronunciamientos p\u00fablicos por separado, coincidieron en reprochar a los gobiernos de Claudia Sheinbaum y Alfredo del Mazo el hecho de que a los empresarios formales se les \u201ccastiga\u201d a costa de \u201cla falta de control de otras actividades\u201d, mientras que la venta informal y el comercio de comida ambulante siguen operando sin cumplir las medidas sanitarias b\u00e1sicas.<\/p>\n<p style=\"text-align: justify;\">En un desplegado en diarios de circulaci\u00f3n nacional firmado por \u201cla industria restaurantera\u201d, decenas de due\u00f1os de estos establecimientos hicieron un llamado de auxilio: \u201cnos est\u00e1n extinguiendo \u00a1Ya no podemos m\u00e1s! \u00a1No condenemos a los trabajadores de los restaurantes al desempleo ni a miles de negocios a la quiebra!\u201d.<\/p>\n<p style=\"text-align: justify;\">Seg\u00fan el documento, desde el inicio de la pandemia, en la Zona Metropolitana del Valle de M\u00e9xico (ZMVM) se han cerrado 13 mil 500 establecimientos. Mientras que el anuncio del cierre por tres semanas por el regreso al sem\u00e1foro rojo &#8211;del 19 de diciembre de 2020 al 10 de enero de 2021&#8211; provoc\u00f3 un incremento de 10% de empleos perdidos a los ya registrados.<\/p>\n<p style=\"text-align: justify;\">En particular, agregaron, en el Edomex han cerrado definitivamente 10 mil restaurantes, con una p\u00e9rdida de al menos 50 mil empleos directos.<\/p>\n<p style=\"text-align: justify;\">Aseguraron que, a diferencia del inicio de la pandemia, en febrero del a\u00f1o pasado, ahora \u201clos restaurantes ya acabaron con sus ahorros\u201d, parte de ellos los usaron para cumplir con las medidas sanitarias y de protecci\u00f3n para colaboradores, proveedores y clientes. Por eso, y por el aforo limitado, \u201clos restaurantes no son fuente de contagio\u201d.<\/p>\n<p style=\"text-align: justify;\">En tanto, se acabaron sus \u201cperiodos de gracia\u201d para pagar a sus acreedores y \u201ctenemos el agua hasta el cuello porque debemos seguir pagando impuestos, licencias, servicios etc., y con las puertas cerradas es imposible, ya no s\u00f3lo pagar las deudas, sino sobrevivir. Se est\u00e1 condenando a miles de personas al desempleo\u201d. Adem\u00e1s, hay afectaci\u00f3n en la cadena productiva asociada a la industria: verduler\u00edas, panader\u00edas, tortiller\u00edas, carnicer\u00edas y poller\u00edas, entre otros.<\/p>\n<p style=\"text-align: justify;\">Los restauranteros reprocharon: \u201cNo se puede seguir castigando a la econom\u00eda formal a costa de la falta de control de otras actividades\u2026los restaurantes no son fuente de contagio. Las fiestas y eventos privados e incluso el comercio informal ha generado la pandemia que hoy estamos viviendo\u201d.<\/p>\n<p style=\"text-align: justify;\">Por el contrario, \u201cdesde que se anunci\u00f3 el sem\u00e1foro rojo en ambas entidades, observamos con preocupaci\u00f3n y frustraci\u00f3n que la venta informal y el comercio de comida ambulante siguieron operando\u201d.<\/p>\n<p style=\"text-align: justify;\">En el caso de los apoyos emergentes de 2 mil 200 pesos a algunos trabajadores del sector en la Ciudad de M\u00e9xico, aplaudieron la medida, pero subrayaron: \u201cla mejor manera de ayudarles ser\u00eda que se garantizaran las condiciones para que mantengan su trabajo con restaurantes abiertos\u201d.<\/p>\n<p style=\"text-align: justify;\">Al final, urgieron a las autoridades a \u201cemprender estrategias que definan la forma de operar los restaurantes aun en sem\u00e1foro rojo, se trata de proteger la econom\u00eda y la salud de manera equilibrada\u2026 les pedimos que la industria restaurantera sea considerada actividad esencial y se nos permita regresar a trabajar. Si algo queda claro es que o abrimos o morimos\u201d.<\/p>\n<p style=\"text-align: justify;\">Piden que ambulantes cumplan<\/p>\n<p style=\"text-align: justify;\">Por su parte, Gerardo L\u00f3pez Becerra, presidente del Consejo para el Desarrollo del Comercio en Peque\u00f1o (ConComercioPeque\u00f1o AC), coincidi\u00f3 en que este sector ha cumplido \u201ca puntillas\u201d los protocolos sanitarios para evitar contagios, por lo que \u201cno es en el comercio y empresas formales en donde se han dado los contagios que tienen al borde de la crisis al sistema hospitalario\u201d.<\/p>\n<p style=\"text-align: justify;\">Por ello, pidi\u00f3 a las autoridades permitir la reactivaci\u00f3n de actividades, pues los negocios \u2013generadores de empleos para miles de familias&#8211; \u201cya no tienen recursos\u201d para pagar renta, luz, impuestos, pago a proveedores, sueldos o cuotas al IMSS. \u201cIncluso, muchos trabajadores est\u00e1n a la espera de regresar a las actividades laborales para poder cobrar el aguinaldo\u201d.<\/p>\n<p style=\"text-align: justify;\">Para el Centro Hist\u00f3rico en particular, el Consejo dijo que las actividades mercantiles se deben reestablecer de inmediato porque asumieron todos los protocolos y \u201cno son factor de alto riesgo, mucho menos ahora que las principales fechas comerciales de la temporada han pasado\u201d.<\/p>\n<p style=\"text-align: justify;\">Respecto al comercio ambulante, el organismo afirm\u00f3 que \u201cdebe tener la mayor vigilancia y aplicaci\u00f3n de los protocolos de sanitizaci\u00f3n. Mientras el comercio ambulante contin\u00fae sin la aplicaci\u00f3n de las medidas necesarias, ser\u00e1 dif\u00edcil mantener control de contagios\u201d.<\/p>\n<p style=\"text-align: justify;\">El peque\u00f1o comercio, agreg\u00f3, est\u00e1 en espera de un plan econ\u00f3mico \u201ca la altura del gran desaf\u00edo que enfrentamos: cr\u00e9ditos o financiamiento a fondo perdido, apoyo para la negociaci\u00f3n de adeudos\u201d.<\/p>\n<p style=\"text-align: justify;\">Por \u00faltimo, asegur\u00f3 que la \u201cestrategia de comunicaci\u00f3n del gobierno federal para prevenir los contagios se encuentra totalmente desgastada\u201d, y de paso afirm\u00f3: \u201cson indolentes los mensajes de los altos funcionarios, llamando al cuidado y resguardo en casa, cuando despu\u00e9s aparecen de vacaciones sin aplicar las medidas que ellos mismos recomiendan\u201d, en referencia indirecta al subsecretario de Salud, Hugo L\u00f3pez-Gatell, y sus vacaciones en Oaxaca.<\/p>\n","protected":false},"excerpt":{"rendered":"<p>CIUDAD DE M\u00c9XICO. | 7 de enero de 2021. ] Apro. Un d\u00eda antes de que se informe si la Ciudad de M\u00e9xico y el Estado de M\u00e9xico continuar\u00e1n en sem\u00e1foro epidemiol\u00f3gico rojo la pr\u00f3xima semana, empresarios del sector restaurantero y del comercio en peque\u00f1o pidieron a las autoridades de ambas entidades que les permitan&#8230;<\/p>\n","protected":false},"author":2,"featured_media":1218195,"comment_status":"closed","ping_status":"closed","sticky":false,"template":"","format":"standard","meta":{"footnotes":""},"categories":[1969],"tags":[6705,14193],"class_list":["post-1218194","post","type-post","status-publish","format-standard","has-post-thumbnail","hentry","category-trending","tag-covid19","tag-pandemia"],"_links":{"self":[{"href":"https:\/\/www.acapulcopress.com\/index.php\/wp-json\/wp\/v2\/posts\/1218194","targetHints":{"allow":["GET"]}}],"collection":[{"href":"https:\/\/www.acapulcopress.com\/index.php\/wp-json\/wp\/v2\/posts"}],"about":[{"href":"https:\/\/www.acapulcopress.com\/index.php\/wp-json\/wp\/v2\/types\/post"}],"author":[{"embeddable":true,"href":"https:\/\/www.acapulcopress.com\/index.php\/wp-json\/wp\/v2\/users\/2"}],"replies":[{"embeddable":true,"href":"https:\/\/www.acapulcopress.com\/index.php\/wp-json\/wp\/v2\/comments?post=1218194"}],"version-history":[{"count":0,"href":"https:\/\/www.acapulcopress.com\/index.php\/wp-json\/wp\/v2\/posts\/1218194\/revisions"}],"wp:featuredmedia":[{"embeddable":true,"href":"https:\/\/www.acapulcopress.com\/index.php\/wp-json\/"}],"wp:attachment":[{"href":"https:\/\/www.acapulcopress.com\/index.php\/wp-json\/wp\/v2\/media?parent=1218194"}],"wp:term":[{"taxonomy":"category","embeddable":true,"href":"https:\/\/www.acapulcopress.com\/index.php\/wp-json\/wp\/v2\/categories?post=1218194"},{"taxonomy":"post_tag","embeddable":true,"href":"https:\/\/www.acapulcopress.com\/index.php\/wp-json\/wp\/v2\/tags?post=1218194"}],"curies":[{"name":"wp","href":"https:\/\/api.w.org\/{rel}","templated":true}]}}