{"id":1218215,"date":"2021-01-07T22:55:59","date_gmt":"2021-01-08T04:55:59","guid":{"rendered":"https:\/\/www.acapulcopress.com\/?p=1218215"},"modified":"2021-01-07T22:55:59","modified_gmt":"2021-01-08T04:55:59","slug":"congresistas-de-ambos-partidos-ponderan-destituir-a-trump","status":"publish","type":"post","link":"https:\/\/www.acapulcopress.com\/index.php\/2021\/01\/07\/congresistas-de-ambos-partidos-ponderan-destituir-a-trump\/","title":{"rendered":"Congresistas de ambos partidos ponderan destituir a Trump"},"content":{"rendered":"<p style=\"text-align: justify;\">WASHINGTON. | 7 de enero de 2021.<br \/>\n<em>] <a href=\"https:\/\/apnews.com\/article\/noticias-3d836b88cd0db503ac4338afec2f96c4\" target=\"_blank\" rel=\"noopener\">AP<\/a>.<\/em><br \/>\nLegisladores dem\u00f3cratas y republicanos mencionaron el jueves la posibilidad de destituir al presidente Donald Trump, y la presidenta de la c\u00e1mara baja Nancy Pelosi dijo que, si no es retirado del cargo, ese recinto podr\u00eda iniciar un segundo proceso de juicio pol\u00edtico en su contra.<\/p>\n<p style=\"text-align: justify;\">Aunque a Trump le quedan menos de dos semanas en el puesto, legisladores e incluso algunos miembros de su gobierno comenzaron a analizar el asunto el mi\u00e9rcoles por la tarde luego que Trump se neg\u00f3 a condenar en\u00e9rgicamente el violento asalto al Capitolio por una turba de sus partidarios y m\u00e1s adelante pareci\u00f3 excusarlo.<\/p>\n<p style=\"text-align: justify;\">Altos funcionarios del gobierno mencionaron la posibilidad de invocar la 4ta Secci\u00f3n de la 25ta enmienda de la Constituci\u00f3n, referente a la destituci\u00f3n de Trump por su propio gabinete.<\/p>\n<p style=\"text-align: justify;\">Pelosi dijo en una conferencia de prensa que est\u00e1 esperando una decisi\u00f3n del vicepresidente Mike Pence y de otros miembros del gabinete. Se refiri\u00f3 a varios de ellos por su nombre, incluyendo al secretario de Estado Mike Pompeo y al secretario del Tesoro Steve Mnuchin.<\/p>\n<p style=\"text-align: justify;\">\u201c\u00bfRespaldan estas acciones?\u201d, pregunt\u00f3 Pelosi. \u201c\u00bfEst\u00e1n listos para decir que durante los pr\u00f3ximos 13 d\u00edas este hombre peligroso le puede hacer m\u00e1s da\u00f1o a nuestro pa\u00eds?\u201d<\/p>\n<p style=\"text-align: justify;\">La mayor\u00eda de los dem\u00f3cratas y muchos republicanos responsabilizaron directamente a Trump luego que centenares de sus partidarios con banderas y ropa con su nombre irrumpieron en el Capitolio el mi\u00e9rcoles y provocaron destrucci\u00f3n y evacuaciones masivas. El presidente hab\u00eda exhortado a sus seguidores a que protestaran mientras el Congreso contaba los votos electorales que confirmaron la victoria del presidente electo Joe Biden.<\/p>\n<p style=\"text-align: justify;\">Pelosi dijo que \u201cse cruz\u00f3 un umbral de tal magnitud\u201d que ya no se deber\u00eda permitir que Trump tome decisiones.<\/p>\n<p style=\"text-align: justify;\">Por ahora no parec\u00eda haber respaldo p\u00fablico a esa medida entre miembros del gabinete de Trump, especialmente despu\u00e9s de que la secretaria de Transporte Elaine Chao renunci\u00f3 como protesta. Pero funcionarios en diversos sectores del gobierno incluso estaban estudiando los procedimientos para declarar a Trump \u201cincapacitado para ejercer los poderes y deberes de su cargo\u201d.<\/p>\n<p style=\"text-align: justify;\">De acuerdo con dos personas involucradas en las conversaciones en el gobierno, las discusiones a nivel de personal sobre el asunto ocurrieron en m\u00faltiples departamentos e incluso en partes de la Casa Blanca. Ning\u00fan miembro del gabinete ha expresado p\u00fablicamente su apoyo a la medida \u2014 que dejar\u00eda a Pence como presidente en funciones \u2014, aunque se piensa que varios favorecen la opci\u00f3n, al creer que Trump es demasiado vol\u00e1til en sus \u00faltimos d\u00edas antes de la toma de posesi\u00f3n de Biden el 20 de enero.<\/p>\n<p style=\"text-align: justify;\">Seg\u00fan la 25ta enmienda constitucional, Trump podr\u00eda disputar las conclusiones de su gabinete, pero \u00e9ste podr\u00eda reafirmar su posici\u00f3n inmediatamente, manteniendo a Pence en el poder mientras el Congreso examina el asunto.<\/p>\n<p style=\"text-align: justify;\">El l\u00edder de la minor\u00eda dem\u00f3crata en el Senado, Chuck Schumer, tambi\u00e9n le pidi\u00f3 el jueves al gabinete que destituya a Trump.<\/p>\n<p style=\"text-align: justify;\">Schumer dijo que el ataque al Capitolio fue \u201cuna insurrecci\u00f3n contra Estados Unidos, incitada por el presidente\u201d, y manifest\u00f3 que \u00e9ste \u201cno deber\u00eda estar en el cargo ni un d\u00eda m\u00e1s\u201d.<\/p>\n<p style=\"text-align: justify;\">Dijo que Pence y el gabinete deber\u00edan invocar la 25ta enmienda y sacar inmediatamente a Trump del cargo. De lo contrario, dijo, le corresponde al Congreso.<\/p>\n<p style=\"text-align: justify;\">\u201cSi el vicepresidente y el gabinete se niegan a actuar, el Congreso deber\u00eda volver a reunirse para llevar al presidente a un juicio pol\u00edtico\u201d, afirm\u00f3 Schumer.<\/p>\n<p style=\"text-align: justify;\">Mientras tanto, tres dem\u00f3cratas en la Comisi\u00f3n de Asuntos Jur\u00eddicos de la C\u00e1mara de Representantes anunciaron art\u00edculos para un juicio pol\u00edtico. Los representantes David Cicilline, Jamie Raskin y Ted Lieu escribieron en los art\u00edculos que Trump \u201cdeliberadamente hizo declaraciones que alentaron \u2014 y previsiblemente resultaron en \u2014 una acci\u00f3n an\u00e1rquica inminente en el Capitolio\u201d.<\/p>\n<p style=\"text-align: justify;\">La C\u00e1mara de Representantes dispuso un juicio pol\u00edtico contra Trump en el 2019, pero el Senado, controlado por los republicanos, lo absolvi\u00f3 a principios del 2020.<\/p>\n<p style=\"text-align: justify;\">Al menos un representante republicano tambi\u00e9n pidi\u00f3 la destituci\u00f3n del mandatario. El representante Adam Kinzinger, que lo critica con frecuencia, dijo en un video en Twitter que Trump \u201cest\u00e1 inapto\u201d e \u201cindispuesto\u201d.<\/p>\n<p style=\"text-align: justify;\">Kinzinger dijo que el presidente \u201cdebe ahora ceder el control de la rama ejecutiva voluntaria o involuntariamente\u201d.<\/p>\n<p style=\"text-align: justify;\">El ex senador republicano Jeff Blake, que se ha enfrentado con Trump durante a\u00f1os, dijo que no cree que invocar la 25ta enmienda sea realista porque necesitar\u00eda el respaldo de los miembros del gabinete y porque a Trump le queda muy poco tiempo en el cargo. Pero dijo en una entrevista que apoya las decisiones tanto de algunos funcionarios de la Casa Blanca y del gobierno de renunciar, como las de otros que se est\u00e1n quedando \u201cpara asegurarse b\u00e1sicamente de que el gobierno marche como debe\u201d.<\/p>\n<p style=\"text-align: justify;\">Flake a\u00f1adi\u00f3: \u201cNos quedan dos semanas y debemos asegurarnos de que llegamos a la toma de posesi\u00f3n\u201d.<\/p>\n","protected":false},"excerpt":{"rendered":"<p>WASHINGTON. | 7 de enero de 2021. ] AP. Legisladores dem\u00f3cratas y republicanos mencionaron el jueves la posibilidad de destituir al presidente Donald Trump, y la presidenta de la c\u00e1mara baja Nancy Pelosi dijo que, si no es retirado del cargo, ese recinto podr\u00eda iniciar un segundo proceso de juicio pol\u00edtico en su contra. Aunque&#8230;<\/p>\n","protected":false},"author":2,"featured_media":1218216,"comment_status":"closed","ping_status":"closed","sticky":false,"template":"","format":"standard","meta":{"footnotes":""},"categories":[2020],"tags":[5121,7450,10820,13513],"class_list":["post-1218215","post","type-post","status-publish","format-standard","has-post-thumbnail","hentry","category-world-news","tag-capitolio-usa","tag-donald-trump","tag-joe-biden","tag-nancy-pelosi"],"_links":{"self":[{"href":"https:\/\/www.acapulcopress.com\/index.php\/wp-json\/wp\/v2\/posts\/1218215","targetHints":{"allow":["GET"]}}],"collection":[{"href":"https:\/\/www.acapulcopress.com\/index.php\/wp-json\/wp\/v2\/posts"}],"about":[{"href":"https:\/\/www.acapulcopress.com\/index.php\/wp-json\/wp\/v2\/types\/post"}],"author":[{"embeddable":true,"href":"https:\/\/www.acapulcopress.com\/index.php\/wp-json\/wp\/v2\/users\/2"}],"replies":[{"embeddable":true,"href":"https:\/\/www.acapulcopress.com\/index.php\/wp-json\/wp\/v2\/comments?post=1218215"}],"version-history":[{"count":0,"href":"https:\/\/www.acapulcopress.com\/index.php\/wp-json\/wp\/v2\/posts\/1218215\/revisions"}],"wp:featuredmedia":[{"embeddable":true,"href":"https:\/\/www.acapulcopress.com\/index.php\/wp-json\/"}],"wp:attachment":[{"href":"https:\/\/www.acapulcopress.com\/index.php\/wp-json\/wp\/v2\/media?parent=1218215"}],"wp:term":[{"taxonomy":"category","embeddable":true,"href":"https:\/\/www.acapulcopress.com\/index.php\/wp-json\/wp\/v2\/categories?post=1218215"},{"taxonomy":"post_tag","embeddable":true,"href":"https:\/\/www.acapulcopress.com\/index.php\/wp-json\/wp\/v2\/tags?post=1218215"}],"curies":[{"name":"wp","href":"https:\/\/api.w.org\/{rel}","templated":true}]}}