{"id":1218222,"date":"2021-01-07T23:08:01","date_gmt":"2021-01-08T05:08:01","guid":{"rendered":"https:\/\/www.acapulcopress.com\/?p=1218222"},"modified":"2021-01-07T23:08:01","modified_gmt":"2021-01-08T05:08:01","slug":"por-alza-de-contagios-bogota-aplaza-toque-de-queda-hasta-el-12-de-enero","status":"publish","type":"post","link":"https:\/\/www.acapulcopress.com\/index.php\/2021\/01\/07\/por-alza-de-contagios-bogota-aplaza-toque-de-queda-hasta-el-12-de-enero\/","title":{"rendered":"Por alza de contagios Bogot\u00e1 aplaza toque de queda al 12 de enero"},"content":{"rendered":"<p style=\"text-align: justify;\">BUCARAMANGA, Colombia. | 7 de enero de 2021.<br \/>\n<em>] <a href=\"https:\/\/apnews.com\/article\/noticias-49aa1dfc5131977fb6eda3ef0222e676\" target=\"_blank\" rel=\"noopener\">AP<\/a>.<\/em><br \/>\nDebido al incremento de los casos de COVID-19, en Bogot\u00e1 regir\u00e1 un toque de queda continuo desde el 7 a las 23:59 hasta el 12 de enero a las 4 de la madrugada, inform\u00f3 el jueves la alcaldesa Claudia L\u00f3pez.<\/p>\n<p style=\"text-align: justify;\">Adem\u00e1s, habr\u00e1 toque de queda nocturno entre el 12 y el 16 de enero desde las 20 hasta las 5 de la madrugada.<\/p>\n<p style=\"text-align: justify;\">La ciudad atraviesa el segundo pico de la pandemia y se encuentra en alerta roja hospitalaria tras superar el 85% de ocupaci\u00f3n en las unidades de cuidados intensivos (UCI) en los \u00faltimos dos d\u00edas.<\/p>\n<p style=\"text-align: justify;\">La alcaldesa atribuy\u00f3 el incremento de casos a las compras navide\u00f1as y las reuniones familiares y no descart\u00f3 que \u201cdebe estar circulando en Bogot\u00e1 la nueva cepa de COVID que se identific\u00f3 en el Reino Unido\u201d.<\/p>\n<p style=\"text-align: justify;\">No obstante, el presidente Iv\u00e1n Duque aclar\u00f3 luego que no hay evidencia de la presencia de esa variante en Colombia.<\/p>\n<p style=\"text-align: justify;\">\u201cHasta el momento no existe por parte del Instituto Nacional de Salud ninguna evidencia de circulaci\u00f3n en territorio colombiano de la cepa del COVID-19 que fue identificada en el Reino Unido\u201d, dijo en una comunicaci\u00f3n oficial.<\/p>\n<p style=\"text-align: justify;\">La capital colombiana se uni\u00f3 as\u00ed a las nuevas medidas anunciadas el mi\u00e9rcoles por el gobierno nacional para controlar los contagios.<\/p>\n<p style=\"text-align: justify;\">\u201cSon nuevas medidas que estamos tomando a partir de la situaci\u00f3n de afectaci\u00f3n en las diferentes ciudades. Hemos tomado como par\u00e1metro el nivel de ocupaci\u00f3n de cuidado intensivo, pasando por las ciudades que est\u00e1n en el 70%, 80% y aquellas que est\u00e1n por encima del 85%\u201d, declar\u00f3 la v\u00edspera el ministro de Salud, Fernando Ruiz G\u00f3mez.<\/p>\n<p style=\"text-align: justify;\">La resoluci\u00f3n nacional especifica que las ciudades donde exista una ocupaci\u00f3n de las UCI del 85% tendr\u00e1n un toque de queda continuo desde las 19 horas del 7 de enero hasta las 5 del 12 de enero. El toque de queda se extender\u00e1 por las noches hasta el 16 de enero.<\/p>\n<p style=\"text-align: justify;\">Cada gobernador definir\u00e1 si acoge las recomendaciones del gobierno nacional o las modifica de acuerdo con sus condiciones. Es el caso Cali, al oeste del pa\u00eds, donde la ocupaci\u00f3n de las UCI alcanza el 97%, pero su alcalde asegur\u00f3 que cumplir\u00e1 el toque de queda en horarios y fechas diferentes: desde el 8 de enero a las 21 hasta el 11 de enero al mediod\u00eda.<\/p>\n<p style=\"text-align: justify;\">En la ciudad fronteriza de C\u00facuta, donde la ocupaci\u00f3n de las UCI es del 91%, tambi\u00e9n habr\u00e1 horarios diferentes a los impartidos por el gobierno nacional: el toque de queda iniciar\u00e1 el 8 de enero a las 19 y terminar\u00e1 el 12 a las 5.<\/p>\n<p style=\"text-align: justify;\">Para las ciudades y regiones en las que la ocupaci\u00f3n de las UCI supera el 75 % el toque de queda regir\u00e1 en las noches hasta el 12 de enero.<\/p>\n<p style=\"text-align: justify;\">Adem\u00e1s, los mandatarios locales podr\u00e1n establecer una restricci\u00f3n a la movilidad.<\/p>\n<p style=\"text-align: justify;\">Las medidas sanitarias incluyen la prohibici\u00f3n de todo tipo de reuniones p\u00fablicas y privadas pero permiten el transporte por carretera de los ciudadanos que est\u00e1n retornando a sus hogares despu\u00e9s de sus vacaciones.<\/p>\n<p style=\"text-align: justify;\">A quienes arriben en vuelos internacionales se les exigir\u00e1 el resultado negativo de una prueba PCR. En caso de que el viajero no cuente con el resultado de la prueba antes de abordar el vuelo, podr\u00e1 manifestar a las autoridades migratorias que se la har\u00e1 en territorio colombiano o que guardar\u00e1 aislamiento preventivo por 14 d\u00edas.<\/p>\n<p style=\"text-align: justify;\">Seg\u00fan el \u00faltimo reporte del Ministerio de Salud, Colombia acumula 1,7 millones de casos confirmados de coronavirus y 44.723 muertes.<\/p>\n","protected":false},"excerpt":{"rendered":"<p>BUCARAMANGA, Colombia. | 7 de enero de 2021. ] AP. Debido al incremento de los casos de COVID-19, en Bogot\u00e1 regir\u00e1 un toque de queda continuo desde el 7 a las 23:59 hasta el 12 de enero a las 4 de la madrugada, inform\u00f3 el jueves la alcaldesa Claudia L\u00f3pez. Adem\u00e1s, habr\u00e1 toque de queda&#8230;<\/p>\n","protected":false},"author":2,"featured_media":1218223,"comment_status":"closed","ping_status":"closed","sticky":false,"template":"","format":"standard","meta":{"footnotes":""},"categories":[2020],"tags":[],"class_list":["post-1218222","post","type-post","status-publish","format-standard","has-post-thumbnail","hentry","category-world-news"],"_links":{"self":[{"href":"https:\/\/www.acapulcopress.com\/index.php\/wp-json\/wp\/v2\/posts\/1218222","targetHints":{"allow":["GET"]}}],"collection":[{"href":"https:\/\/www.acapulcopress.com\/index.php\/wp-json\/wp\/v2\/posts"}],"about":[{"href":"https:\/\/www.acapulcopress.com\/index.php\/wp-json\/wp\/v2\/types\/post"}],"author":[{"embeddable":true,"href":"https:\/\/www.acapulcopress.com\/index.php\/wp-json\/wp\/v2\/users\/2"}],"replies":[{"embeddable":true,"href":"https:\/\/www.acapulcopress.com\/index.php\/wp-json\/wp\/v2\/comments?post=1218222"}],"version-history":[{"count":0,"href":"https:\/\/www.acapulcopress.com\/index.php\/wp-json\/wp\/v2\/posts\/1218222\/revisions"}],"wp:featuredmedia":[{"embeddable":true,"href":"https:\/\/www.acapulcopress.com\/index.php\/wp-json\/"}],"wp:attachment":[{"href":"https:\/\/www.acapulcopress.com\/index.php\/wp-json\/wp\/v2\/media?parent=1218222"}],"wp:term":[{"taxonomy":"category","embeddable":true,"href":"https:\/\/www.acapulcopress.com\/index.php\/wp-json\/wp\/v2\/categories?post=1218222"},{"taxonomy":"post_tag","embeddable":true,"href":"https:\/\/www.acapulcopress.com\/index.php\/wp-json\/wp\/v2\/tags?post=1218222"}],"curies":[{"name":"wp","href":"https:\/\/api.w.org\/{rel}","templated":true}]}}