{"id":1218229,"date":"2021-01-07T23:15:34","date_gmt":"2021-01-08T05:15:34","guid":{"rendered":"https:\/\/www.acapulcopress.com\/?p=1218229"},"modified":"2021-01-07T23:15:34","modified_gmt":"2021-01-08T05:15:34","slug":"guerrero-continua-con-indicadores-deliticos-a-la-baja","status":"publish","type":"post","link":"https:\/\/www.acapulcopress.com\/index.php\/2021\/01\/07\/guerrero-continua-con-indicadores-deliticos-a-la-baja\/","title":{"rendered":"Guerrero contin\u00faa con indicadores delictivos a la baja"},"content":{"rendered":"<p style=\"text-align: justify;\">ACAPULCO. | 7 de enero de 2021.<br \/>\n] Gobierno de Guerrero.<br \/>\nEl gobernador H\u00e9ctor Astudillo Flores, presidi\u00f3 la Mesa de Coordinaci\u00f3n para la Construcci\u00f3n de la Paz en la que acord\u00f3 reforzar las acciones de seguridad en el estado para mantener a la baja los \u00edndices delictivos como se han reportado en los primeros d\u00edas de enero sin que en las \u00faltimas 24 horas se registrara la comisi\u00f3n de alg\u00fan homicidio doloso en la entidad.<\/p>\n<p style=\"text-align: justify;\">El secretario de Seguridad P\u00fablica, David Portillo Menchaca, dio a conocer las actividades delictivas registradas en el estado que se mantiene con una tendencia a la baja con un promedio en los homicidios de 2.5 casos por d\u00eda.<br \/>\nAdem\u00e1s, inform\u00f3 de las acciones realizadas por esa dependencia en coordinaci\u00f3n con elementos federales en el municipio de Iguala.<\/p>\n<p style=\"text-align: justify;\">El gobernador reiter\u00f3 que en el caso de la zona de Alcozac\u00e1n, Municipio de Chilapa de \u00c1lvarez, se mantiene la apertura al di\u00e1logo, as\u00ed como los operativos de atenci\u00f3n a la seguridad en los pueblos ind\u00edgenas.<\/p>\n<p style=\"text-align: justify;\">En seguimiento a la pandemia COVID-19, el Secretario de Salud, Carlos de la Pe\u00f1a Pintos, inform\u00f3 que, en el registro diario de casos positivos el comportamiento es ondulante en Guerrero, pero se acent\u00faa en Tierra Caliente y la zona Norte donde se tiene una atenci\u00f3n prioritaria sin descuidar el resto de la entidad como lo ha instruido el Jefe del Ejecutivo Estatal.<\/p>\n<p style=\"text-align: justify;\">Astudillo Flores convoc\u00f3 a reforzar las medidas sanitarias establecidas y no bajar la guardia frente a este problema nacional de incremento de casos positivos de Covod\u00f1 irVID-19, por lo que los protocolos sanitarios apegados al sem\u00e1foro naranja, continuar\u00e1n, as\u00ed como la restricci\u00f3n de horarios en playas de Guerrero.<\/p>\n<p style=\"text-align: justify;\">Respecto al comportamiento tur\u00edstico, el Secretario de Turismo, Ernesto Rodr\u00edguez Escalona, comparti\u00f3 a la Mesa de Coordinaci\u00f3n Estatal, que durante la temporada vacacional Invierno 2020, se registr\u00f3 un importante movimiento tur\u00edstico y econ\u00f3mico con la visita de 579 mil turistas y una derrama econ\u00f3mica de mil 762 millones de pesos, que a pesar de ser menor en comparaci\u00f3n con la temporada pasada el balance podr\u00eda considerarse como positivo.<\/p>\n<p style=\"text-align: justify;\">Estuvieron presentes en la Mesa de Coordinaci\u00f3n Estatal, el comandante de la Octava Regi\u00f3n Naval, Francisco Limas L\u00f3pez; el Comandante de la Novena Regi\u00f3n Militar, Eufemio Ibarra Flores; el secretario General de Gobierno, Florencio Salazar Adame; el comandante de la 35 zona Militar, Miguel \u00c1ngel Aguirre Lara; el comandante de la 27 zona Militar, Federico San Juan Rosales y el Delegado Federal en Guerrero, Iv\u00e1n Hern\u00e1ndez D\u00edaz.<\/p>\n<p style=\"text-align: justify;\">As\u00ed como el Delegado de la FGR, Fernando Garc\u00eda Fern\u00e1ndez; el Fiscal General del Estado, Jorge Zuriel de los Santos Barrila; el Presidente de la Comisi\u00f3n Estatal de Derechos Humanos, Ram\u00f3n Navarrete Magdaleno; el Representante del Centro Nacional de Inteligencia, Juan Gabriel Sosa Pintos, el Presidente de Coparmex Chilpancingo, Joel Moreno Tem\u00e9lo , entre otros funcionarios estatales y federales.<\/p>\n","protected":false},"excerpt":{"rendered":"<p>ACAPULCO. | 7 de enero de 2021. ] Gobierno de Guerrero. El gobernador H\u00e9ctor Astudillo Flores, presidi\u00f3 la Mesa de Coordinaci\u00f3n para la Construcci\u00f3n de la Paz en la que acord\u00f3 reforzar las acciones de seguridad en el estado para mantener a la baja los \u00edndices delictivos como se han reportado en los primeros d\u00edas&#8230;<\/p>\n","protected":false},"author":2,"featured_media":1218230,"comment_status":"closed","ping_status":"closed","sticky":false,"template":"","format":"standard","meta":{"footnotes":""},"categories":[18573,1983],"tags":[6705,9302,9705,12964,16421],"class_list":["post-1218229","post","type-post","status-publish","format-standard","has-post-thumbnail","hentry","category-goverment","category-guerrerogob","tag-covid19","tag-gobierno-de-guerrero","tag-hector-astudillo-flores","tag-mesa-de-coordinacion-para-la-construccion-de-la-paz","tag-semaforo-de-riesgo-covid19"],"_links":{"self":[{"href":"https:\/\/www.acapulcopress.com\/index.php\/wp-json\/wp\/v2\/posts\/1218229","targetHints":{"allow":["GET"]}}],"collection":[{"href":"https:\/\/www.acapulcopress.com\/index.php\/wp-json\/wp\/v2\/posts"}],"about":[{"href":"https:\/\/www.acapulcopress.com\/index.php\/wp-json\/wp\/v2\/types\/post"}],"author":[{"embeddable":true,"href":"https:\/\/www.acapulcopress.com\/index.php\/wp-json\/wp\/v2\/users\/2"}],"replies":[{"embeddable":true,"href":"https:\/\/www.acapulcopress.com\/index.php\/wp-json\/wp\/v2\/comments?post=1218229"}],"version-history":[{"count":0,"href":"https:\/\/www.acapulcopress.com\/index.php\/wp-json\/wp\/v2\/posts\/1218229\/revisions"}],"wp:featuredmedia":[{"embeddable":true,"href":"https:\/\/www.acapulcopress.com\/index.php\/wp-json\/"}],"wp:attachment":[{"href":"https:\/\/www.acapulcopress.com\/index.php\/wp-json\/wp\/v2\/media?parent=1218229"}],"wp:term":[{"taxonomy":"category","embeddable":true,"href":"https:\/\/www.acapulcopress.com\/index.php\/wp-json\/wp\/v2\/categories?post=1218229"},{"taxonomy":"post_tag","embeddable":true,"href":"https:\/\/www.acapulcopress.com\/index.php\/wp-json\/wp\/v2\/tags?post=1218229"}],"curies":[{"name":"wp","href":"https:\/\/api.w.org\/{rel}","templated":true}]}}