{"id":1218243,"date":"2021-01-07T23:45:36","date_gmt":"2021-01-08T05:45:36","guid":{"rendered":"https:\/\/www.acapulcopress.com\/?p=1218243"},"modified":"2021-01-07T23:45:36","modified_gmt":"2021-01-08T05:45:36","slug":"entrega-fap-apoyos-de-seguridad-a-familiares-de-periodistas-fallecidos","status":"publish","type":"post","link":"https:\/\/www.acapulcopress.com\/index.php\/2021\/01\/07\/entrega-fap-apoyos-de-seguridad-a-familiares-de-periodistas-fallecidos\/","title":{"rendered":"Entrega FAP apoyos de seguridad a familiares de periodistas fallecidos"},"content":{"rendered":"<p style=\"text-align: justify;\">CHILPANCINGO. | 7 de enero de 2021.<br \/>\n<em>] Gobierno de Guerrero.<\/em><br \/>\nEn representaci\u00f3n del gobernador H\u00e9ctor Astudillo Flores, el secretario de Finanzas y Administraci\u00f3n, Tulio Samuel P\u00e9rez Calvo entreg\u00f3 apoyos de seguridad social a familiares de los periodistas fallecidos; Jorge Arriaga Gardu\u00f1o, Mart\u00edn Basurto Gallardo y Filiberto Garc\u00eda Aguilar.<br \/>\n<img loading=\"lazy\" decoding=\"async\" class=\"alignleft size-medium wp-image-1218245\" src=\"https:\/\/www.acapulco.press\/wp-content\/uploads\/2021\/01\/FAP2-375x250.jpg\" alt=\"\" width=\"375\" height=\"250\" \/>Lo anterior forma parte del Fondo de Apoyo a Periodistas (FAP), beneficio que ha tenido un importante incremento durante el gobierno de H\u00e9ctor Astudillo Flores.<\/p>\n<p>Acompa\u00f1ado de la secretaria T\u00e9cnica del FAP, Lizeth L\u00f3pez Curiel, el encargado de las finanzas de la entidad reconoci\u00f3 el trabajo que desempe\u00f1aron durante su ejercicio period\u00edstico Jorge Arriaga, Mart\u00edn Basurto y Filiberto Garc\u00eda.<\/p>\n<p>En su turno, L\u00f3pez Curiel record\u00f3 que durante la administraci\u00f3n de H\u00e9ctor Astudillo Flores, los beneficios del FAP. han incrementado en favor de los comunicadores y sus familias.<\/p>\n","protected":false},"excerpt":{"rendered":"<p>CHILPANCINGO. | 7 de enero de 2021. ] Gobierno de Guerrero. En representaci\u00f3n del gobernador H\u00e9ctor Astudillo Flores, el secretario de Finanzas y Administraci\u00f3n, Tulio Samuel P\u00e9rez Calvo entreg\u00f3 apoyos de seguridad social a familiares de los periodistas fallecidos; Jorge Arriaga Gardu\u00f1o, Mart\u00edn Basurto Gallardo y Filiberto Garc\u00eda Aguilar. Lo anterior forma parte del Fondo&#8230;<\/p>\n","protected":false},"author":2,"featured_media":1218244,"comment_status":"closed","ping_status":"closed","sticky":false,"template":"","format":"standard","meta":{"footnotes":""},"categories":[18573,1983],"tags":[8632,8760,9705,10883,12018,12747,17430],"class_list":["post-1218243","post","type-post","status-publish","format-standard","has-post-thumbnail","hentry","category-goverment","category-guerrerogob","tag-filiberto-garcia","tag-fondo-de-apoyo-a-periodistas-fap","tag-hector-astudillo-flores","tag-jorge-arriaga","tag-lizeth-lopez-curiel","tag-martin-basurto","tag-tulio-samuel-perez-calvo"],"_links":{"self":[{"href":"https:\/\/www.acapulcopress.com\/index.php\/wp-json\/wp\/v2\/posts\/1218243","targetHints":{"allow":["GET"]}}],"collection":[{"href":"https:\/\/www.acapulcopress.com\/index.php\/wp-json\/wp\/v2\/posts"}],"about":[{"href":"https:\/\/www.acapulcopress.com\/index.php\/wp-json\/wp\/v2\/types\/post"}],"author":[{"embeddable":true,"href":"https:\/\/www.acapulcopress.com\/index.php\/wp-json\/wp\/v2\/users\/2"}],"replies":[{"embeddable":true,"href":"https:\/\/www.acapulcopress.com\/index.php\/wp-json\/wp\/v2\/comments?post=1218243"}],"version-history":[{"count":0,"href":"https:\/\/www.acapulcopress.com\/index.php\/wp-json\/wp\/v2\/posts\/1218243\/revisions"}],"wp:featuredmedia":[{"embeddable":true,"href":"https:\/\/www.acapulcopress.com\/index.php\/wp-json\/"}],"wp:attachment":[{"href":"https:\/\/www.acapulcopress.com\/index.php\/wp-json\/wp\/v2\/media?parent=1218243"}],"wp:term":[{"taxonomy":"category","embeddable":true,"href":"https:\/\/www.acapulcopress.com\/index.php\/wp-json\/wp\/v2\/categories?post=1218243"},{"taxonomy":"post_tag","embeddable":true,"href":"https:\/\/www.acapulcopress.com\/index.php\/wp-json\/wp\/v2\/tags?post=1218243"}],"curies":[{"name":"wp","href":"https:\/\/api.w.org\/{rel}","templated":true}]}}