{"id":1218285,"date":"2021-01-08T00:45:43","date_gmt":"2021-01-08T06:45:43","guid":{"rendered":"https:\/\/www.acapulcopress.com\/?p=1218285"},"modified":"2021-01-08T00:45:43","modified_gmt":"2021-01-08T06:45:43","slug":"a-partir-del-12-de-enero-inicia-distribucion-de-vacunas-en-todo-el-pais","status":"publish","type":"post","link":"https:\/\/www.acapulcopress.com\/index.php\/2021\/01\/08\/a-partir-del-12-de-enero-inicia-distribucion-de-vacunas-en-todo-el-pais\/","title":{"rendered":"A partir del 12 de enero inicia distribuci\u00f3n de vacunas en todo el pa\u00eds"},"content":{"rendered":"<p style=\"text-align: justify;\">CIUDAD DE M\u00c9XICO. | 7 de enero de 2021.<br \/>\n] Latinus.<br \/>\nEl 12 de enero se dar\u00e1 inicio con la distribuci\u00f3n de las vacunas contra Covid-19 en las 30 entidades del pa\u00eds que faltan por recibir las dosis, inform\u00f3 este jueves el gobernador de Yucat\u00e1n y Coordinador de la Comisi\u00f3n de Salud de la Conago, Mauricio Vila.<\/p>\n<p style=\"text-align: justify;\">Tras una reuni\u00f3n entre la Conferencia Nacional de Gobernadores (Conago) y autoridades del gobierno de M\u00e9xico, el gobernador dijo que la Secretar\u00eda de Salud les comparti\u00f3 el calendario de vacunaci\u00f3n para los pr\u00f3ximos d\u00edas y asever\u00f3 que \u00fanicamente recibir\u00e1n dosis de la vacuna elaborada por Pfizer y BioNTech.<\/p>\n<p style=\"text-align: justify;\">Los estados recibir\u00e1n las dosis en tres periodos entre enero y febrero. El primero periodo corresponde del 12 al 18 de enero, el segundo del 19 al 25 de enero y el tercero del 26 de enero al 1 de febrero. Durante este tiempo se prev\u00e9 vacunar a personal de salud, principalmente a los que se encuentran en primera l\u00ednea de batalla contra la Covid-19.<\/p>\n<p style=\"text-align: justify;\">Hasta ahora, la Ciudad de M\u00e9xico y Coahuila eran las \u00fanicas entidades que hab\u00edan recibido las vacunas de Pfizer desde el pasado mes de diciembre.<\/p>\n<p style=\"text-align: justify;\">Horas m\u00e1s tarde, en entrevista con Azucena Uresti para Radio F\u00f3rmula, detall\u00f3 que la vacunaci\u00f3n se llevar\u00e1 a cabo durante tres semanas.<\/p>\n<p style=\"text-align: justify;\">\u201cTodos ya tenemos el calendario de c\u00f3mo van a estar llegando las vacunas. Todo el mes de enero se va a estar vacunando al personal de Salud. Ya el gobierno federal ha designado coordinadores estatales de vacunaci\u00f3n\u201d, explic\u00f3.<\/p>\n<p style=\"text-align: justify;\">El mandatario de Yucat\u00e1n adelant\u00f3 que la pr\u00f3xima semana tendr\u00e1n otra reuni\u00f3n con la secretaria de Gobernaci\u00f3n, Olga S\u00e1nchez Cordero, para comentar el saldo del operativo y posibles modificaciones a la estrategia de distribuci\u00f3n de las vacunas.<\/p>\n<p style=\"text-align: justify;\">Expres\u00f3 que primero se vacunar\u00e1 al personal de Salud en su totalidad, sin embargo, revel\u00f3 que los m\u00e9dicos de hospitales privados no entrar\u00edan en la primera fase de aplicaci\u00f3n.<\/p>\n<p style=\"text-align: justify;\">\u201cPrimero los de \u00e1reas Covid y luego pasamos con el resto. En cuanto a m\u00e9dicos de hospitales privados, eso todav\u00eda lo tenemos que ver. A partir de febrero empieza este tema de empezar a vacunar a la gente de arriba de 60 a\u00f1os donde se recibir\u00e1 una log\u00edstica diferente\u201d, manifest\u00f3.<\/p>\n<p style=\"text-align: justify;\">Por su parte, Olga S\u00e1nchez Cordero afirm\u00f3 que con la vacuna contra la Covid-19, \u201cla luz en el camino ya lleg\u00f3\u201d y explic\u00f3 a los gobernadores de la Conago que la distribuci\u00f3n y aplicaci\u00f3n ser\u00e1 gratuita y universal en el pa\u00eds.<\/p>\n<p style=\"text-align: justify;\">CALENDARIO DE DISTRUIBUCI\u00d3N<\/p>\n<p><img loading=\"lazy\" decoding=\"async\" class=\"alignnone wp-image-1218286 size-large\" src=\"https:\/\/www.acapulco.press\/wp-content\/uploads\/2021\/01\/CALENDARIO-VACUNAS-COVID-840x633.jpeg\" alt=\"\" width=\"840\" height=\"633\" \/><\/p>\n","protected":false},"excerpt":{"rendered":"<p>CIUDAD DE M\u00c9XICO. | 7 de enero de 2021. ] Latinus. El 12 de enero se dar\u00e1 inicio con la distribuci\u00f3n de las vacunas contra Covid-19 en las 30 entidades del pa\u00eds que faltan por recibir las dosis, inform\u00f3 este jueves el gobernador de Yucat\u00e1n y Coordinador de la Comisi\u00f3n de Salud de la Conago,&#8230;<\/p>\n","protected":false},"author":2,"featured_media":1218287,"comment_status":"closed","ping_status":"closed","sticky":false,"template":"","format":"standard","meta":{"footnotes":""},"categories":[1972,18574],"tags":[17731],"class_list":["post-1218285","post","type-post","status-publish","format-standard","has-post-thumbnail","hentry","category-special","category-gobierno-la-foto","tag-vacuna-covid19-pfizer"],"_links":{"self":[{"href":"https:\/\/www.acapulcopress.com\/index.php\/wp-json\/wp\/v2\/posts\/1218285","targetHints":{"allow":["GET"]}}],"collection":[{"href":"https:\/\/www.acapulcopress.com\/index.php\/wp-json\/wp\/v2\/posts"}],"about":[{"href":"https:\/\/www.acapulcopress.com\/index.php\/wp-json\/wp\/v2\/types\/post"}],"author":[{"embeddable":true,"href":"https:\/\/www.acapulcopress.com\/index.php\/wp-json\/wp\/v2\/users\/2"}],"replies":[{"embeddable":true,"href":"https:\/\/www.acapulcopress.com\/index.php\/wp-json\/wp\/v2\/comments?post=1218285"}],"version-history":[{"count":0,"href":"https:\/\/www.acapulcopress.com\/index.php\/wp-json\/wp\/v2\/posts\/1218285\/revisions"}],"wp:featuredmedia":[{"embeddable":true,"href":"https:\/\/www.acapulcopress.com\/index.php\/wp-json\/"}],"wp:attachment":[{"href":"https:\/\/www.acapulcopress.com\/index.php\/wp-json\/wp\/v2\/media?parent=1218285"}],"wp:term":[{"taxonomy":"category","embeddable":true,"href":"https:\/\/www.acapulcopress.com\/index.php\/wp-json\/wp\/v2\/categories?post=1218285"},{"taxonomy":"post_tag","embeddable":true,"href":"https:\/\/www.acapulcopress.com\/index.php\/wp-json\/wp\/v2\/tags?post=1218285"}],"curies":[{"name":"wp","href":"https:\/\/api.w.org\/{rel}","templated":true}]}}