{"id":1218293,"date":"2021-01-08T17:54:44","date_gmt":"2021-01-08T23:54:44","guid":{"rendered":"https:\/\/www.acapulcopress.com\/?p=1218293"},"modified":"2021-01-08T17:54:44","modified_gmt":"2021-01-08T23:54:44","slug":"defiende-amlo-a-felix-de-guerra-electoral","status":"publish","type":"post","link":"https:\/\/www.acapulcopress.com\/index.php\/2021\/01\/08\/defiende-amlo-a-felix-de-guerra-electoral\/","title":{"rendered":"Defiende AMLO a F\u00e9lix de &#8216;guerra electoral&#8217;"},"content":{"rendered":"<p style=\"text-align: justify;\"><strong>*\u00a0 Las acusaciones contra el precandidato de Morena a la gubernatura de Guerrero son producto de la &#8216;temporada electoral&#8217;, sostiene el Presidente, quien pide a ex aspirantes y militantes respetar la decisi\u00f3n que hizo el pueblo en torno a F\u00e9lix Salgado Macedonio.<\/strong><\/p>\n<p style=\"text-align: justify;\">CIUDAD DE M\u00c9XICO. | 8 de enero de 2021.<br \/>\n<em>] Especial.<\/em><br \/>\nEl presidente de la Rep\u00fablica, Andr\u00e9s Manuel L\u00f3pez Obrador, afirm\u00f3 que las acusaciones contra F\u00e9lix Salgado Macedonio son \u201cun asunto partidista producto de la temporada (electoral)\u201d.<\/p>\n<figure id=\"attachment_1218296\" aria-describedby=\"caption-attachment-1218296\" style=\"width: 375px\" class=\"wp-caption alignleft\"><img loading=\"lazy\" decoding=\"async\" class=\"wp-image-1218296 size-medium\" src=\"https:\/\/www.acapulco.press\/wp-content\/uploads\/2021\/01\/amlo-y-felix-375x287.jpeg\" alt=\"\" width=\"375\" height=\"287\" \/><figcaption id=\"caption-attachment-1218296\" class=\"wp-caption-text\"><strong>AMIGOS<\/strong> | El Presidente L\u00f3pez y el precandidato de Morena al Gobierno de Guerrero, F\u00e9lix Salgado.<\/figcaption><\/figure>\n<p style=\"text-align: justify;\">Cuestionado durante la conferencia matutina de este viernes, el mandatario federal se\u00f1al\u00f3 que \u201chay una competencia en algunos estados porque vienen elecciones y todo esto genera pol\u00e9micas y acusaciones\u201d.<\/p>\n<p style=\"text-align: justify;\">Record\u00f3 que \u00e9l mismo fue acusado injustamente de diversos il\u00edcitos en 2006, porque sus opositores no quer\u00edan que su nombre apareciera en la boleta electoral.<\/p>\n<p style=\"text-align: justify;\">\u201cYo no puedo a la ligera descalificar a nadie, que la autoridad competente resuelva y que se apeguen a la justicia; lo que puedo comentar es que, cuando hay elecciones, se trata de descalificar al adversario de una u otra manera, buscan que no sean candidatos fuertes y si hay uno fuerte, lo eliminan\u201d, expuso.<\/p>\n<p style=\"text-align: justify;\">L\u00f3pez Obrador insisti\u00f3 en que las acusaciones contra Salgado Macedonio son \u201cun asunto de los partidos\u201d y confi\u00f3 en que la situaci\u00f3n se resuelva \u201ccon apego a la legalidad, sin da\u00f1ar a nadie\u201d.<\/p>\n<p style=\"text-align: justify;\">Otro periodista le pregunt\u00f3 si era necesaria la renuncia de F\u00e9lix Salgado a la candidatura para no \u201cmanchar\u201d el movimiento de la Cuarta Transformaci\u00f3n debido a las acusaciones que se han lanzado en su contra.<\/p>\n<p style=\"text-align: justify;\">\u201cYo no coincido con tu punto de vista\u201d, le respondi\u00f3 el presidente.<\/p>\n<p style=\"text-align: justify;\">\u201cNo me voy a meter en el tema, no quiero abordarlo, ya dije que es producto de la temporada y de la contienda electoral\u201d, apunt\u00f3 el titular del Ejecutivo federal.<\/p>\n<p style=\"text-align: justify;\">Se\u00f1al\u00f3 que la elecci\u00f3n de los candidatos de Morena se realiz\u00f3 por encuesta y por ende, el pueblo fue quien decidi\u00f3 qui\u00e9n eran los mejores perfiles para representarlos.<\/p>\n<p style=\"text-align: justify;\">\u201cSi en la encuesta que se elabor\u00f3 la gente, el pueblo, decidieron que el mejor es un ciudadano mujer\/hombre, \u00bfpor qu\u00e9 no respetar esa decisi\u00f3n? \u00bfEntonces qu\u00e9? \u00bfEl ciudadano no sabe si la persona es buena o mala? Yo le tengo confianza a la gente\u201d, sentenci\u00f3 L\u00f3pez Obrador.<\/p>\n<p style=\"text-align: justify;\">Asever\u00f3 que en la designaci\u00f3n de Salgado Macedonio no hubo imposici\u00f3n, porque se le pregunt\u00f3 al pueblo.<\/p>\n<p style=\"text-align: justify;\">\u201cPrimero el pueblo, no lo olvidemos, el pueblo manda y esa es la democracia\u201d, apunt\u00f3.<\/p>\n<div style=\"width: 640px;\" class=\"wp-video\"><video class=\"wp-video-shortcode\" id=\"video-1218293-1\" width=\"640\" height=\"320\" preload=\"metadata\" controls=\"controls\"><source type=\"video\/mp4\" src=\"https:\/\/www.acapulco.press\/wp-content\/uploads\/2021\/01\/AMLO-DEFENSA-DE-FELIX.mp4?_=1\" \/><a href=\"https:\/\/www.acapulco.press\/wp-content\/uploads\/2021\/01\/AMLO-DEFENSA-DE-FELIX.mp4\">https:\/\/www.acapulco.press\/wp-content\/uploads\/2021\/01\/AMLO-DEFENSA-DE-FELIX.mp4<\/a><\/video><\/div>\n","protected":false},"excerpt":{"rendered":"<p>*\u00a0 Las acusaciones contra el precandidato de Morena a la gubernatura de Guerrero son producto de la &#8216;temporada electoral&#8217;, sostiene el Presidente, quien pide a ex aspirantes y militantes respetar la decisi\u00f3n que hizo el pueblo en torno a F\u00e9lix Salgado Macedonio. CIUDAD DE M\u00c9XICO. | 8 de enero de 2021. ] Especial. El presidente&#8230;<\/p>\n","protected":false},"author":2,"featured_media":1218295,"comment_status":"closed","ping_status":"closed","sticky":false,"template":"","format":"standard","meta":{"footnotes":""},"categories":[1997],"tags":[3892,6809,8467,9560,13297],"class_list":["post-1218293","post","type-post","status-publish","format-standard","has-post-thumbnail","hentry","category-noticias-destacadas","tag-andres-manuel-lopez","tag-cuarta-transformacion","tag-felix-salgado-macedonio","tag-guerrero-2021","tag-morena"],"_links":{"self":[{"href":"https:\/\/www.acapulcopress.com\/index.php\/wp-json\/wp\/v2\/posts\/1218293","targetHints":{"allow":["GET"]}}],"collection":[{"href":"https:\/\/www.acapulcopress.com\/index.php\/wp-json\/wp\/v2\/posts"}],"about":[{"href":"https:\/\/www.acapulcopress.com\/index.php\/wp-json\/wp\/v2\/types\/post"}],"author":[{"embeddable":true,"href":"https:\/\/www.acapulcopress.com\/index.php\/wp-json\/wp\/v2\/users\/2"}],"replies":[{"embeddable":true,"href":"https:\/\/www.acapulcopress.com\/index.php\/wp-json\/wp\/v2\/comments?post=1218293"}],"version-history":[{"count":0,"href":"https:\/\/www.acapulcopress.com\/index.php\/wp-json\/wp\/v2\/posts\/1218293\/revisions"}],"wp:featuredmedia":[{"embeddable":true,"href":"https:\/\/www.acapulcopress.com\/index.php\/wp-json\/"}],"wp:attachment":[{"href":"https:\/\/www.acapulcopress.com\/index.php\/wp-json\/wp\/v2\/media?parent=1218293"}],"wp:term":[{"taxonomy":"category","embeddable":true,"href":"https:\/\/www.acapulcopress.com\/index.php\/wp-json\/wp\/v2\/categories?post=1218293"},{"taxonomy":"post_tag","embeddable":true,"href":"https:\/\/www.acapulcopress.com\/index.php\/wp-json\/wp\/v2\/tags?post=1218293"}],"curies":[{"name":"wp","href":"https:\/\/api.w.org\/{rel}","templated":true}]}}