{"id":1218317,"date":"2021-01-08T19:14:36","date_gmt":"2021-01-09T01:14:36","guid":{"rendered":"https:\/\/www.acapulcopress.com\/?p=1218317"},"modified":"2021-01-08T19:14:36","modified_gmt":"2021-01-09T01:14:36","slug":"va-por-todos-va-por-mexico-agradece-a-victor-aguirre-donacion-de-dia-de-reyes","status":"publish","type":"post","link":"https:\/\/www.acapulcopress.com\/index.php\/2021\/01\/08\/va-por-todos-va-por-mexico-agradece-a-victor-aguirre-donacion-de-dia-de-reyes\/","title":{"rendered":"\u00abVa por todos, va por M\u00e9xico\u00bb agradece a V\u00edctor Aguirre donaci\u00f3n de D\u00eda de Reyes"},"content":{"rendered":"<p style=\"text-align: justify;\">ACAPULCO. | 8 de enero de 2021.<br \/>\n<em>]\u00a0 Especial.<\/em><br \/>\nEste D\u00eda de Reyes, la Asociaci\u00f3n Civil \u00abVa por todos va por M\u00e9xico\u00bb, llev\u00f3 por cuarto a\u00f1o consecutivo, juguetes y la <img loading=\"lazy\" decoding=\"async\" class=\"alignleft size-medium wp-image-1218321\" src=\"https:\/\/www.acapulco.press\/wp-content\/uploads\/2021\/01\/VA-X-MEXICO4-375x281.jpg\" alt=\"\" width=\"375\" height=\"281\" \/>tradicional rosca a ni\u00f1os de la emblem\u00e1tica colonia 06 de Enero.<\/p>\n<p style=\"text-align: justify;\">En entrevista, el presidente de \u00abVa por todos, va por M\u00e9xico2, Ricardo Salmer\u00f3n Vega, inform\u00f3 que desde hace cuatro a\u00f1os decidi\u00f3 llevar a cabo este festejo en este asentamiento del puerto, pues lleva por nombre el d\u00eda de una fecha tan importante en la cual las familias se emocionan con la llegada de los <em>Reyes Magos<\/em>.<\/p>\n<p style=\"text-align: justify;\">Asimismo, Salmer\u00f3n Vega indic\u00f3 que a consecuencia de la pandemia por Covid-19, la econom\u00eda de las familias acapulque\u00f1as se ha visto afectada y muchos ni\u00f1os se quedaron sin regalos y juguetes.<\/p>\n<p style=\"text-align: justify;\">\u00abEs momento de unir y sumar voluntades, la adversidad nos ha dejado de ense\u00f1anza que debemos ser solidarios y emp\u00e1ticos con el pr\u00f3jimo\u00bb, dijo.<\/p>\n<p style=\"text-align: justify;\">Salmer\u00f3n Vega dijo que seguir\u00e1n trabajando y poco a poco ir\u00e1n reintegrando actividades sociales seg\u00fan lo permita el sem\u00e1foro epidemiol\u00f3gico.<\/p>\n<p style=\"text-align: justify;\">Por \u00faltimo, el presidente de \u00abVa por todos va por M\u00e9xico\u00bb, agradeci\u00f3 por la donaci\u00f3n de las roscas al precandidato a la alcald\u00eda de Acapulco por el PRD, V\u00edctor Aguirre Alcaide.<\/p>\n\n","protected":false},"excerpt":{"rendered":"<p>ACAPULCO. | 8 de enero de 2021. ]\u00a0 Especial. Este D\u00eda de Reyes, la Asociaci\u00f3n Civil \u00abVa por todos va por M\u00e9xico\u00bb, llev\u00f3 por cuarto a\u00f1o consecutivo, juguetes y la tradicional rosca a ni\u00f1os de la emblem\u00e1tica colonia 06 de Enero. En entrevista, el presidente de \u00abVa por todos, va por M\u00e9xico2, Ricardo Salmer\u00f3n Vega,&#8230;<\/p>\n","protected":false},"author":2,"featured_media":1218322,"comment_status":"closed","ping_status":"closed","sticky":false,"template":"","format":"standard","meta":{"footnotes":""},"categories":[2024,18561],"tags":[2318,15549,17843],"class_list":["post-1218317","post","type-post","status-publish","format-standard","has-post-thumbnail","hentry","category-politica-activism","category-society-politics","tag-va-por-todos-va-por-mexico","tag-reyes-magos","tag-victor-aguirre-alcaide"],"_links":{"self":[{"href":"https:\/\/www.acapulcopress.com\/index.php\/wp-json\/wp\/v2\/posts\/1218317","targetHints":{"allow":["GET"]}}],"collection":[{"href":"https:\/\/www.acapulcopress.com\/index.php\/wp-json\/wp\/v2\/posts"}],"about":[{"href":"https:\/\/www.acapulcopress.com\/index.php\/wp-json\/wp\/v2\/types\/post"}],"author":[{"embeddable":true,"href":"https:\/\/www.acapulcopress.com\/index.php\/wp-json\/wp\/v2\/users\/2"}],"replies":[{"embeddable":true,"href":"https:\/\/www.acapulcopress.com\/index.php\/wp-json\/wp\/v2\/comments?post=1218317"}],"version-history":[{"count":0,"href":"https:\/\/www.acapulcopress.com\/index.php\/wp-json\/wp\/v2\/posts\/1218317\/revisions"}],"wp:featuredmedia":[{"embeddable":true,"href":"https:\/\/www.acapulcopress.com\/index.php\/wp-json\/"}],"wp:attachment":[{"href":"https:\/\/www.acapulcopress.com\/index.php\/wp-json\/wp\/v2\/media?parent=1218317"}],"wp:term":[{"taxonomy":"category","embeddable":true,"href":"https:\/\/www.acapulcopress.com\/index.php\/wp-json\/wp\/v2\/categories?post=1218317"},{"taxonomy":"post_tag","embeddable":true,"href":"https:\/\/www.acapulcopress.com\/index.php\/wp-json\/wp\/v2\/tags?post=1218317"}],"curies":[{"name":"wp","href":"https:\/\/api.w.org\/{rel}","templated":true}]}}