{"id":1218352,"date":"2021-01-08T20:16:20","date_gmt":"2021-01-09T02:16:20","guid":{"rendered":"https:\/\/www.acapulcopress.com\/?p=1218352"},"modified":"2021-01-08T20:16:20","modified_gmt":"2021-01-09T02:16:20","slug":"exhorta-gobernador-astudillo-a-alcaldes-seguir-con-medidas-anticovid","status":"publish","type":"post","link":"https:\/\/www.acapulcopress.com\/index.php\/2021\/01\/08\/exhorta-gobernador-astudillo-a-alcaldes-seguir-con-medidas-anticovid\/","title":{"rendered":"Exhorta Gobernador Astudillo a alcaldes seguir con medidas antiCovid"},"content":{"rendered":"<p style=\"text-align: justify;\">CHILPANCINGO. | 8 de enero de 2021.<br \/>\n<em>] Gobierno de Guerrero.<\/em><br \/>\nEl gobernador H\u00e9ctor Astudillo Flores inform\u00f3 que la pr\u00f3xima semana Guerrero seguir\u00e1 en sem\u00e1foro naranja y enfatiz\u00f3 que la pandemia a\u00fan no termina, por lo que se requiere del esfuerzo de todos para evitar que sigan <img loading=\"lazy\" decoding=\"async\" class=\"alignleft size-medium wp-image-1218356\" src=\"https:\/\/www.acapulco.press\/wp-content\/uploads\/2021\/01\/COVID-ALTO-RIESGO-GRO-5-375x281.jpg\" alt=\"\" width=\"375\" height=\"281\" \/>aumentando los contagios.<\/p>\n<p style=\"text-align: justify;\">En el marco de la transmisi\u00f3n n\u00famero 274, acompa\u00f1ado del jefe de la Oficina del Ejecutivo, Alejandro Bravo Abarca; el secretario de Finanzas y Administraci\u00f3n, Tulio Samuel P\u00e9rez Calvo, as\u00ed como del secretario de Salud, Carlos de la Pe\u00f1a Pintos, Astudillo Flores llam\u00f3 a las y los presidentes municipales a seguir colaborando con las autoridades.<\/p>\n<p style=\"text-align: justify;\">Record\u00f3 que la vacunaci\u00f3n al personal de salud inicia del 12 de enero al primero de febrero, coordinado por la Secretar\u00eda de Marina, anticipando que supervisar\u00e1 que se aplique a quienes est\u00e1n en los hospitales.<\/p>\n<p style=\"text-align: justify;\"><img loading=\"lazy\" decoding=\"async\" class=\"alignleft size-medium wp-image-1218354\" src=\"https:\/\/www.acapulco.press\/wp-content\/uploads\/2021\/01\/COVID-ALTO-RIESGO-GRO-3-375x281.jpg\" alt=\"\" width=\"375\" height=\"281\" \/>En la presentaci\u00f3n de los datos del Covid-19, el secretario de Salud, Carlos de la Pe\u00f1a Pintos inform\u00f3 que Guerrero se encuentra por debajo de la media nacional en cuanto a la ocupaci\u00f3n hospitalaria que es del 55 por ciento, la entidad registra un 42 por ciento.<\/p>\n<p style=\"text-align: justify;\">Refiri\u00f3 que en Acapulco la ocupaci\u00f3n hospitalaria no llega al 40 por ciento, mientras que en la zona Norte, se tiene el 59.2 por ciento, el hospital General de Iguala tiene 14 camas ocupadas de 24, y la Unidad Covid, de 37 camas, tiene ocupadas 16, en Taxco, de 14 camas, 11 est\u00e1n ocupadas.<\/p>\n<p style=\"text-align: justify;\">Explic\u00f3 que se est\u00e1 trabajando en esta regi\u00f3n con brigadas y tomas de muestras para detectar oportunamente los casos y <img loading=\"lazy\" decoding=\"async\" class=\"alignleft size-medium wp-image-1218353\" src=\"https:\/\/www.acapulco.press\/wp-content\/uploads\/2021\/01\/COVID-ALTO-RIESGO-GRO-2-375x281.jpg\" alt=\"\" width=\"375\" height=\"281\" \/>atenderlos, tal como se est\u00e1 haciendo en Acapulco donde permanecen dos m\u00f3dulos, uno en el Asta Bandera y otro m\u00e1s en el Z\u00f3calo.<\/p>\n<p style=\"text-align: justify;\">En cuanto a casos activos, Guerrero est\u00e1 en el lugar n\u00famero 27 a nivel nacional, de los casos acumulados en lo que va de la pandemia entre el lugar 16 y 18 y en cu\u00e1nto a defunciones acumuladas, la entidad ocupa el lugar n\u00famero 18.<br \/>\nRespecto a la ocupaci\u00f3n de ventiladores, Guerrero se ubica por debajo de la media nacional que es del 46 por ciento, con el 23 por ciento.<\/p>\n<p style=\"text-align: justify;\">Sobre la defunciones, detall\u00f3 que en lo que va de enero se tiene el registro de 14.7 fallecimientos por d\u00eda.<\/p>\n<p style=\"text-align: justify;\">Agreg\u00f3 tambi\u00e9n que de cada 100 estudios, el 59 por ciento resultan positivos y de cada 100 enfermos, el 80 por ciento se recuperan, el 20 por ciento requieren vigilancia m\u00e9dica, ya sea de atenci\u00f3n hospilararia o domiciliaria.<br \/>\nY de ese 20 por ciento, el 4 por ciento requieren ser intubados y en particular se trata de adultos mayores.<\/p>\n<p style=\"text-align: justify;\"><strong>Siguen operando m\u00f3dulos y brigadas contra el Covid-19 en Guerrero<\/strong><\/p>\n<p style=\"text-align: justify;\">Tal como lo ha anunciado el gobernador H\u00e9ctor Astudillo Flores, los m\u00f3dulos y brigadas de sanitizaci\u00f3n y concientizaci\u00f3n contin\u00faan en los distintos municipios de la entidad para disminuir el riesgo de contagios de Covid-19.<br \/>\nDesde muy temprano se colocan los filtros de sanitizaci\u00f3n de acceso a playas, mercados, supermercados, centros comerciales, as\u00ed como los m\u00f3dulos de lavado de manos en espacios p\u00fablicos, los cuales son operados por colaboradores del Gobierno del Estado de Guerrero y otros organismos p\u00fablicos.<br \/>\nEn la capital, permanecen los m\u00f3dulos de lavado de manos y aplicaci\u00f3n de gel antibacterial, mientras que las brigadas recorren los lugares concurridos para exhortar a la poblaci\u00f3n a usar cubrebocas y seguir con la sana distancia.<\/p>\n","protected":false},"excerpt":{"rendered":"<p>CHILPANCINGO. | 8 de enero de 2021. ] Gobierno de Guerrero. El gobernador H\u00e9ctor Astudillo Flores inform\u00f3 que la pr\u00f3xima semana Guerrero seguir\u00e1 en sem\u00e1foro naranja y enfatiz\u00f3 que la pandemia a\u00fan no termina, por lo que se requiere del esfuerzo de todos para evitar que sigan aumentando los contagios. En el marco de la&#8230;<\/p>\n","protected":false},"author":2,"featured_media":1218357,"comment_status":"closed","ping_status":"closed","sticky":false,"template":"","format":"standard","meta":{"footnotes":""},"categories":[18573,1983],"tags":[6705,9302,9705,12964,16421],"class_list":["post-1218352","post","type-post","status-publish","format-standard","has-post-thumbnail","hentry","category-goverment","category-guerrerogob","tag-covid19","tag-gobierno-de-guerrero","tag-hector-astudillo-flores","tag-mesa-de-coordinacion-para-la-construccion-de-la-paz","tag-semaforo-de-riesgo-covid19"],"_links":{"self":[{"href":"https:\/\/www.acapulcopress.com\/index.php\/wp-json\/wp\/v2\/posts\/1218352","targetHints":{"allow":["GET"]}}],"collection":[{"href":"https:\/\/www.acapulcopress.com\/index.php\/wp-json\/wp\/v2\/posts"}],"about":[{"href":"https:\/\/www.acapulcopress.com\/index.php\/wp-json\/wp\/v2\/types\/post"}],"author":[{"embeddable":true,"href":"https:\/\/www.acapulcopress.com\/index.php\/wp-json\/wp\/v2\/users\/2"}],"replies":[{"embeddable":true,"href":"https:\/\/www.acapulcopress.com\/index.php\/wp-json\/wp\/v2\/comments?post=1218352"}],"version-history":[{"count":0,"href":"https:\/\/www.acapulcopress.com\/index.php\/wp-json\/wp\/v2\/posts\/1218352\/revisions"}],"wp:featuredmedia":[{"embeddable":true,"href":"https:\/\/www.acapulcopress.com\/index.php\/wp-json\/"}],"wp:attachment":[{"href":"https:\/\/www.acapulcopress.com\/index.php\/wp-json\/wp\/v2\/media?parent=1218352"}],"wp:term":[{"taxonomy":"category","embeddable":true,"href":"https:\/\/www.acapulcopress.com\/index.php\/wp-json\/wp\/v2\/categories?post=1218352"},{"taxonomy":"post_tag","embeddable":true,"href":"https:\/\/www.acapulcopress.com\/index.php\/wp-json\/wp\/v2\/tags?post=1218352"}],"curies":[{"name":"wp","href":"https:\/\/api.w.org\/{rel}","templated":true}]}}