{"id":1218365,"date":"2021-01-08T20:34:40","date_gmt":"2021-01-09T02:34:40","guid":{"rendered":"https:\/\/www.acapulcopress.com\/?p=1218365"},"modified":"2021-01-08T20:34:40","modified_gmt":"2021-01-09T02:34:40","slug":"mejora-guerrero-seguridad-con-trabajo-conjunto-con-autoridades-federales","status":"publish","type":"post","link":"https:\/\/www.acapulcopress.com\/index.php\/2021\/01\/08\/mejora-guerrero-seguridad-con-trabajo-conjunto-con-autoridades-federales\/","title":{"rendered":"Mejora Guerrero seguridad con trabajo conjunto con autoridades federales"},"content":{"rendered":"<p style=\"text-align: justify;\">CHILPANCINGO. | 8 de enero de 2021.<br \/>\n<em>] Gobierno de Guerrero.<\/em><br \/>\nEl gobernador H\u00e9ctor Astudillo Flores inst\u00f3 a las autoridades civiles y militares de la Mesa de Coordinaci\u00f3n para la Construcci\u00f3n de la Paz, continuar trabajando para mejorar a\u00fan m\u00e1s la reducci\u00f3n de delitos y superar en reducci\u00f3n de indicadores delictivos al a\u00f1o 2020 que se destac\u00f3 por registrar la menor incidencia delictiva en los \u00faltimos a\u00f1os en Guerrero.<\/p>\n<p style=\"text-align: justify;\">Desde su despacho en el Recinto del Poder Ejecutivo en Chilpancingo, antes Palacio de Gobierno, el gobernador H\u00e9ctor Astudillo Flores, expres\u00f3 su respeto y reconocimiento a las instituciones representadas en la Mesa de Coordinaci\u00f3n para la Construcci\u00f3n de la Paz en Guerrero, por su trabajo para mejorar las condiciones de seguridad este 2021, en comparaci\u00f3n con el 2020 que concluy\u00f3 como el a\u00f1o con la menor incidencia delictiva en la historia reciente.<\/p>\n<p style=\"text-align: justify;\">En el informe del consolidado general de la incidencia delictiva de las \u00faltimas 24 horas, el secretario de Seguridad P\u00fablica, David Portillo Menchaca, inform\u00f3 que se registr\u00f3 un homicidio en la entidad, sin embargo, los indicadores se mantiene a la baja con un promedio de 2.28 casos diarios en lo que va de este 2021, que es menor a lo registrado en el mismo periodo del a\u00f1o 2020.<\/p>\n<p style=\"text-align: justify;\"><img loading=\"lazy\" decoding=\"async\" class=\"alignleft size-medium wp-image-1218367\" src=\"https:\/\/www.acapulco.press\/wp-content\/uploads\/2021\/01\/GUERRERO-SEGURIDAD2-375x210.jpg\" alt=\"\" width=\"375\" height=\"210\" \/>Por su parte, el Fiscal General del Estado, Jorge Zuriel de los Santos Barrila, inform\u00f3 que se realiza las indagatorias correspondientes sobre el \u00fanico homicidio doloso registrado en el estado en las \u00faltimas 24 horas.<\/p>\n<p style=\"text-align: justify;\">En la sesi\u00f3n virtual, el Secretario de Salud, Carlos de la Pe\u00f1a Pintos, inform\u00f3 a la Mesa de Coordinaci\u00f3n Estatal sobre el panorama Estatal de la pandemia y las tendencias que se registran posterior a la etapa tur\u00edstica, por lo que puntualiz\u00f3 que todos los hospitales est\u00e1n preparados para cualquier reconversi\u00f3n de camas si fuera necesario, por lo pronto hay capacidad de atenci\u00f3n y capacidad de ventiladores.<\/p>\n<p style=\"text-align: justify;\">Estuvieron presentes en la sesi\u00f3n virtual, el comandante de la Octava Regi\u00f3n Naval, Francisco Limas L\u00f3pez; el comandante de la Novena Regi\u00f3n Militar, Eufemio Alberto Ibarra Flores; el secretario General de Gobierno, Florencio Salazar Adame; el comandante de la 35 zona Militar, Miguel \u00c1ngel Aguirre Lara; el comandante de la 27 zona Militar, Federico San Juan Rosales y el Delegado Federal en Guerrero, Iv\u00e1n Hern\u00e1ndez D\u00edaz.<\/p>\n<p style=\"text-align: justify;\">As\u00ed como el Delegado de la FGR, Fernando Garc\u00eda Fern\u00e1ndez; el presidente de la Comisi\u00f3n Estatal de Derechos Humanos, Ram\u00f3n Navarrete Magdaleno; el representante del Centro Nacional de Inteligencia, Juan Gabriel Sosa Pintos y el Presidente de Coparmex Chilpancingo, Joel Moreno Temelo , entre otros funcionarios estatales y federales.<\/p>\n<p style=\"text-align: justify;\">\n","protected":false},"excerpt":{"rendered":"<p>CHILPANCINGO. | 8 de enero de 2021. ] Gobierno de Guerrero. El gobernador H\u00e9ctor Astudillo Flores inst\u00f3 a las autoridades civiles y militares de la Mesa de Coordinaci\u00f3n para la Construcci\u00f3n de la Paz, continuar trabajando para mejorar a\u00fan m\u00e1s la reducci\u00f3n de delitos y superar en reducci\u00f3n de indicadores delictivos al a\u00f1o 2020 que&#8230;<\/p>\n","protected":false},"author":2,"featured_media":1218366,"comment_status":"closed","ping_status":"closed","sticky":false,"template":"","format":"standard","meta":{"footnotes":""},"categories":[18573,1983],"tags":[5185,6988,9705,10946,12966],"class_list":["post-1218365","post","type-post","status-publish","format-standard","has-post-thumbnail","hentry","category-goverment","category-guerrerogob","tag-carlos-de-la-pena-pintos","tag-david-portillo-menchaca","tag-hector-astudillo-flores","tag-jorge-zuriel-de-los-santos-barrila","tag-mesa-de-coordinacion-para-la-construccion-de-la-paz-en-guerrero"],"_links":{"self":[{"href":"https:\/\/www.acapulcopress.com\/index.php\/wp-json\/wp\/v2\/posts\/1218365","targetHints":{"allow":["GET"]}}],"collection":[{"href":"https:\/\/www.acapulcopress.com\/index.php\/wp-json\/wp\/v2\/posts"}],"about":[{"href":"https:\/\/www.acapulcopress.com\/index.php\/wp-json\/wp\/v2\/types\/post"}],"author":[{"embeddable":true,"href":"https:\/\/www.acapulcopress.com\/index.php\/wp-json\/wp\/v2\/users\/2"}],"replies":[{"embeddable":true,"href":"https:\/\/www.acapulcopress.com\/index.php\/wp-json\/wp\/v2\/comments?post=1218365"}],"version-history":[{"count":0,"href":"https:\/\/www.acapulcopress.com\/index.php\/wp-json\/wp\/v2\/posts\/1218365\/revisions"}],"wp:featuredmedia":[{"embeddable":true,"href":"https:\/\/www.acapulcopress.com\/index.php\/wp-json\/"}],"wp:attachment":[{"href":"https:\/\/www.acapulcopress.com\/index.php\/wp-json\/wp\/v2\/media?parent=1218365"}],"wp:term":[{"taxonomy":"category","embeddable":true,"href":"https:\/\/www.acapulcopress.com\/index.php\/wp-json\/wp\/v2\/categories?post=1218365"},{"taxonomy":"post_tag","embeddable":true,"href":"https:\/\/www.acapulcopress.com\/index.php\/wp-json\/wp\/v2\/tags?post=1218365"}],"curies":[{"name":"wp","href":"https:\/\/api.w.org\/{rel}","templated":true}]}}