{"id":1218374,"date":"2021-01-08T20:51:57","date_gmt":"2021-01-09T02:51:57","guid":{"rendered":"https:\/\/www.acapulcopress.com\/?p=1218374"},"modified":"2021-01-08T20:51:57","modified_gmt":"2021-01-09T02:51:57","slug":"jovenes-y-mujeres-de-bella-vista-y-santa-cruz-respaldan-proyecto-de-victor-aguirre","status":"publish","type":"post","link":"https:\/\/www.acapulcopress.com\/index.php\/2021\/01\/08\/jovenes-y-mujeres-de-bella-vista-y-santa-cruz-respaldan-proyecto-de-victor-aguirre\/","title":{"rendered":"J\u00f3venes y mujeres de Bella Vista y Santa Cruz respaldan proyecto de V\u00edctor Aguirre"},"content":{"rendered":"<p style=\"text-align: justify;\">ACAPULCO. | 8 de enero de 2021.<br \/>\n<em>] Especial.<\/em><br \/>\nEn lo que va de su recorrido por Acapulco, V\u00edctor Aguirre Alcaide recorri\u00f3 las colonias de Bella Vista y Santa Cruz.<\/p>\n<p style=\"text-align: justify;\"><img loading=\"lazy\" decoding=\"async\" class=\"alignleft size-medium wp-image-1218377\" src=\"https:\/\/www.acapulco.press\/wp-content\/uploads\/2021\/01\/VAA-BELLA-VISTA-4-375x250.jpg\" alt=\"\" width=\"375\" height=\"250\" \/>La tarde de este viernes, el precandidato del PRD a la alcald\u00eda de Acapulco, escuch\u00f3 peticiones de j\u00f3venes, mujeres y hombres.<\/p>\n<p style=\"text-align: justify;\">Aguirre Alcaide, manifest\u00f3 la importancia de atender los servicios p\u00fablicos, la distribuci\u00f3n de agua potable, la seguridad y resolver de cerca las problem\u00e1ticas.<\/p>\n<p style=\"text-align: justify;\">En su mensaje, afirm\u00f3 que \u00abes momento de escuchar a la ciudadan\u00eda, ya que garantizar\u00e1 el desarrollo de proyectos para el bienestar social de Acapulco\u00bb.<\/p>\n<p style=\"text-align: justify;\">Agradeci\u00f3 el recibimiento de las y los habitantes de Bella Vista y Santa Cruz, quienes le refrendaron su apoyo en su proyecto social.<\/p>\n<p><img loading=\"lazy\" decoding=\"async\" class=\"alignnone wp-image-1218376 size-large\" src=\"https:\/\/www.acapulco.press\/wp-content\/uploads\/2021\/01\/VAA-BELLA-VISTA-3-840x561.jpg\" alt=\"\" width=\"840\" height=\"561\" \/><\/p>\n","protected":false},"excerpt":{"rendered":"<p>ACAPULCO. | 8 de enero de 2021. ] Especial. En lo que va de su recorrido por Acapulco, V\u00edctor Aguirre Alcaide recorri\u00f3 las colonias de Bella Vista y Santa Cruz. La tarde de este viernes, el precandidato del PRD a la alcald\u00eda de Acapulco, escuch\u00f3 peticiones de j\u00f3venes, mujeres y hombres. Aguirre Alcaide, manifest\u00f3 la&#8230;<\/p>\n","protected":false},"author":2,"featured_media":1218378,"comment_status":"closed","ping_status":"closed","sticky":false,"template":"","format":"standard","meta":{"footnotes":""},"categories":[2024,18561],"tags":[14804,14895,17843],"class_list":["post-1218374","post","type-post","status-publish","format-standard","has-post-thumbnail","hentry","category-politica-activism","category-society-politics","tag-prd","tag-presidencia-de-acapulco","tag-victor-aguirre-alcaide"],"_links":{"self":[{"href":"https:\/\/www.acapulcopress.com\/index.php\/wp-json\/wp\/v2\/posts\/1218374","targetHints":{"allow":["GET"]}}],"collection":[{"href":"https:\/\/www.acapulcopress.com\/index.php\/wp-json\/wp\/v2\/posts"}],"about":[{"href":"https:\/\/www.acapulcopress.com\/index.php\/wp-json\/wp\/v2\/types\/post"}],"author":[{"embeddable":true,"href":"https:\/\/www.acapulcopress.com\/index.php\/wp-json\/wp\/v2\/users\/2"}],"replies":[{"embeddable":true,"href":"https:\/\/www.acapulcopress.com\/index.php\/wp-json\/wp\/v2\/comments?post=1218374"}],"version-history":[{"count":0,"href":"https:\/\/www.acapulcopress.com\/index.php\/wp-json\/wp\/v2\/posts\/1218374\/revisions"}],"wp:featuredmedia":[{"embeddable":true,"href":"https:\/\/www.acapulcopress.com\/index.php\/wp-json\/"}],"wp:attachment":[{"href":"https:\/\/www.acapulcopress.com\/index.php\/wp-json\/wp\/v2\/media?parent=1218374"}],"wp:term":[{"taxonomy":"category","embeddable":true,"href":"https:\/\/www.acapulcopress.com\/index.php\/wp-json\/wp\/v2\/categories?post=1218374"},{"taxonomy":"post_tag","embeddable":true,"href":"https:\/\/www.acapulcopress.com\/index.php\/wp-json\/wp\/v2\/tags?post=1218374"}],"curies":[{"name":"wp","href":"https:\/\/api.w.org\/{rel}","templated":true}]}}