{"id":1218405,"date":"2021-01-11T16:58:41","date_gmt":"2021-01-11T22:58:41","guid":{"rendered":"https:\/\/www.acapulcopress.com\/?p=1218405"},"modified":"2021-01-11T16:58:41","modified_gmt":"2021-01-11T22:58:41","slug":"victor-aguirre-el-mejor-proyecto-para-acapulco-manifiestan-fundadores-del-prd","status":"publish","type":"post","link":"https:\/\/www.acapulcopress.com\/index.php\/2021\/01\/11\/victor-aguirre-el-mejor-proyecto-para-acapulco-manifiestan-fundadores-del-prd\/","title":{"rendered":"V\u00edctor Aguirre, el mejor proyecto para Acapulco, manifiestan fundadores del PRD"},"content":{"rendered":"<p style=\"text-align: justify;\">ACAPULCO. | 11 de enero de 2021.<br \/>\n<em>] Acapulco Press.<\/em><br \/>\nEn conferencia de prensa, fundadores del PRD hicieron un llamado a los militantes del partido del \u2018sol azteca\u2019 a sumarse al mejor proyecto de izquierda por un Acapulco justo y equitativo, el cual encabeza Victor Aguirre Alcaide, quien buscar\u00e1 dar atenci\u00f3n a todos los problemas que el gobierno actual no ha podido solucionar porque Morena simplemente a\u00fan no ha aprendido a gobernador.<\/p>\n<p style=\"text-align: justify;\">UNIDAD SIN RENCORES<\/p>\n<p style=\"text-align: justify;\"><img loading=\"lazy\" decoding=\"async\" class=\"alignleft size-medium wp-image-1218412\" src=\"https:\/\/www.acapulco.press\/wp-content\/uploads\/2021\/01\/VICTOR-AGUIRRE-1-375x250.jpg\" alt=\"\" width=\"375\" height=\"250\" \/>\u00abEl futuro no se construye con odios y rencores, sino, con encuentros, generosidad e inclusi\u00f3n\u00bb, sostuvo el precandidato del PRD a la alcald\u00eda de Acapulco, V\u00edctor Aguirre, quien manifest\u00f3 que es necesario que el partido del &#8216;sol azteca&#8217; reabran sus puertas para el reencuentro de las izquierdas en el puerto, con el objetivo de conformar un proyecto izquierda democr\u00e1tico y con justicia social en el pr\u00f3ximo gobierno porte\u00f1o.<\/p>\n<p style=\"text-align: justify;\">El diputado local Celestino Ces\u00e1reo Guzm\u00e1n, expres\u00f3 su respaldo incondicional a V\u00edctor Aguirre como aspirante a la alcald\u00eda porte\u00f1a, pues \u00abcumple y representa los principios de <img loading=\"lazy\" decoding=\"async\" class=\"alignleft size-medium wp-image-1218410\" src=\"https:\/\/www.acapulco.press\/wp-content\/uploads\/2021\/01\/VICTOR-AGUIRRE-6-375x250.jpg\" alt=\"\" width=\"375\" height=\"250\" \/>la verdadera izquierda\u00bb.<\/p>\n<p style=\"text-align: justify;\">\u00ab\u00a1Basta de experimentos como los que est\u00e1 haciendo Morena!\u00bb, expres\u00f3 el y\u00a0 expresidente estatal del PRD. \u00abEs momento de ponerle seriedad a la funci\u00f3n p\u00fablica, y el indicado es V\u00edctor Aguirre\u00bb, remach\u00f3.<\/p>\n<p style=\"text-align: justify;\">Wulfrano Salgado, expresidente del PRD en Acapulco, asegur\u00f3 que es momento que el partido del &#8216;sol azteca&#8217; regrese a gobernar y demostrar que tiene proyecto de progreso y desarrollo social.<\/p>\n<p style=\"text-align: justify;\">V\u00edctor Aguirre advirti\u00f3 que su gobierno dar\u00e1 atenci\u00f3n priorizada al abasto de agua potable, alumbrado p\u00fablico, seguridad, finanzas sanas y servicios b\u00e1sicos, que son la demanda principal de los acapulque\u00f1os.<\/p>\n<p style=\"text-align: justify;\">El precandidato estuvo acompa\u00f1ado del legislador local Celestino Ces\u00e1reo, el exregidor y diputado Wulfrano Salgado, y los fundadores del PRD en Guerrero, Pedro Nava, Ignacio Ram\u00edrez, Miguel Calixto y Mario Peredo.<\/p>\n<figure id=\"attachment_1218407\" aria-describedby=\"caption-attachment-1218407\" style=\"width: 840px\" class=\"wp-caption alignnone\"><img loading=\"lazy\" decoding=\"async\" class=\"wp-image-1218407 size-large\" src=\"https:\/\/www.acapulco.press\/wp-content\/uploads\/2021\/01\/VICTOR-AGUIRRE-2-840x630.jpg\" alt=\"\" width=\"840\" height=\"630\" \/><figcaption id=\"caption-attachment-1218407\" class=\"wp-caption-text\"><strong>El precandidato V\u00edctor Aguirre acompa\u00f1ado de Celestino Ces\u00e1reo, Wulfrano Salgado, Pedro Nava, Ignacio Ram\u00edrez, Miguel Calixto y Mario Peredo.<\/strong><\/figcaption><\/figure>\n<p style=\"text-align: justify;\">www<strong>.acapulcopress.<\/strong>com<\/p>\n","protected":false},"excerpt":{"rendered":"<p>ACAPULCO. | 11 de enero de 2021. ] Acapulco Press. En conferencia de prensa, fundadores del PRD hicieron un llamado a los militantes del partido del \u2018sol azteca\u2019 a sumarse al mejor proyecto de izquierda por un Acapulco justo y equitativo, el cual encabeza Victor Aguirre Alcaide, quien buscar\u00e1 dar atenci\u00f3n a todos los problemas&#8230;<\/p>\n","protected":false},"author":2,"featured_media":1218406,"comment_status":"closed","ping_status":"closed","sticky":false,"template":"","format":"standard","meta":{"footnotes":""},"categories":[2024,18561],"tags":[5435,10034,12689,13121,14432,17843,18095],"class_list":["post-1218405","post","type-post","status-publish","format-standard","has-post-thumbnail","hentry","category-politica-activism","category-society-politics","tag-celestino-cesareo","tag-ignacio-ramirez","tag-mario-peredo","tag-miguel-calixto","tag-pedro-nava","tag-victor-aguirre-alcaide","tag-wulfrano-salgado"],"_links":{"self":[{"href":"https:\/\/www.acapulcopress.com\/index.php\/wp-json\/wp\/v2\/posts\/1218405","targetHints":{"allow":["GET"]}}],"collection":[{"href":"https:\/\/www.acapulcopress.com\/index.php\/wp-json\/wp\/v2\/posts"}],"about":[{"href":"https:\/\/www.acapulcopress.com\/index.php\/wp-json\/wp\/v2\/types\/post"}],"author":[{"embeddable":true,"href":"https:\/\/www.acapulcopress.com\/index.php\/wp-json\/wp\/v2\/users\/2"}],"replies":[{"embeddable":true,"href":"https:\/\/www.acapulcopress.com\/index.php\/wp-json\/wp\/v2\/comments?post=1218405"}],"version-history":[{"count":0,"href":"https:\/\/www.acapulcopress.com\/index.php\/wp-json\/wp\/v2\/posts\/1218405\/revisions"}],"wp:featuredmedia":[{"embeddable":true,"href":"https:\/\/www.acapulcopress.com\/index.php\/wp-json\/"}],"wp:attachment":[{"href":"https:\/\/www.acapulcopress.com\/index.php\/wp-json\/wp\/v2\/media?parent=1218405"}],"wp:term":[{"taxonomy":"category","embeddable":true,"href":"https:\/\/www.acapulcopress.com\/index.php\/wp-json\/wp\/v2\/categories?post=1218405"},{"taxonomy":"post_tag","embeddable":true,"href":"https:\/\/www.acapulcopress.com\/index.php\/wp-json\/wp\/v2\/tags?post=1218405"}],"curies":[{"name":"wp","href":"https:\/\/api.w.org\/{rel}","templated":true}]}}