{"id":1218419,"date":"2021-01-11T08:14:56","date_gmt":"2021-01-11T14:14:56","guid":{"rendered":"https:\/\/www.acapulcopress.com\/?p=1218419"},"modified":"2021-01-11T08:14:56","modified_gmt":"2021-01-11T14:14:56","slug":"rector-de-uagro-da-bienvenida-a-regreso-a-clases-virtuales-a-universitarios","status":"publish","type":"post","link":"https:\/\/www.acapulcopress.com\/index.php\/2021\/01\/11\/rector-de-uagro-da-bienvenida-a-regreso-a-clases-virtuales-a-universitarios\/","title":{"rendered":"Rector de UAGro da bienvenida a regreso a clases virtuales a universitarios"},"content":{"rendered":"<p style=\"text-align: justify;\">CHILPANCINGO. | 11 de enero de 2021.<br \/>\n] UAGro.<br \/>\nEl rector de la UAGro, Javier Salda\u00f1a Almaz\u00e1n, dio la bienvenida del regreso a clases virtuales a los estudiantes de nivel Medio Superior y Superior.<\/p>\n<p style=\"text-align: justify;\">\u00abCon el inicio del 2021, a\u00fan estando presente la pandemia del COVID-19, continuaremos nuestras actividades acad\u00e9micas desde casa, cuidando su salud y rendici\u00f3n escolar. Deseamos pronto volver a verlos en las aulas, por lo tanto esperamos que este periodo escolar este lleno de \u00e9xitos para cada uno de ustedes\u00bb, manifest\u00f3 el rector universitario.<\/p>\n","protected":false},"excerpt":{"rendered":"<p>CHILPANCINGO. | 11 de enero de 2021. ] UAGro. El rector de la UAGro, Javier Salda\u00f1a Almaz\u00e1n, dio la bienvenida del regreso a clases virtuales a los estudiantes de nivel Medio Superior y Superior. \u00abCon el inicio del 2021, a\u00fan estando presente la pandemia del COVID-19, continuaremos nuestras actividades acad\u00e9micas desde casa, cuidando su salud&#8230;<\/p>\n","protected":false},"author":2,"featured_media":1218420,"comment_status":"closed","ping_status":"closed","sticky":false,"template":"","format":"standard","meta":{"footnotes":""},"categories":[18561,2016],"tags":[6705,10644,17463,17610],"class_list":["post-1218419","post","type-post","status-publish","format-standard","has-post-thumbnail","hentry","category-society-politics","category-uagro-society-politics","tag-covid19","tag-javier-saldana-almazan","tag-uagro","tag-universidad-autonoma-de-guerrero-uagro"],"_links":{"self":[{"href":"https:\/\/www.acapulcopress.com\/index.php\/wp-json\/wp\/v2\/posts\/1218419","targetHints":{"allow":["GET"]}}],"collection":[{"href":"https:\/\/www.acapulcopress.com\/index.php\/wp-json\/wp\/v2\/posts"}],"about":[{"href":"https:\/\/www.acapulcopress.com\/index.php\/wp-json\/wp\/v2\/types\/post"}],"author":[{"embeddable":true,"href":"https:\/\/www.acapulcopress.com\/index.php\/wp-json\/wp\/v2\/users\/2"}],"replies":[{"embeddable":true,"href":"https:\/\/www.acapulcopress.com\/index.php\/wp-json\/wp\/v2\/comments?post=1218419"}],"version-history":[{"count":0,"href":"https:\/\/www.acapulcopress.com\/index.php\/wp-json\/wp\/v2\/posts\/1218419\/revisions"}],"wp:featuredmedia":[{"embeddable":true,"href":"https:\/\/www.acapulcopress.com\/index.php\/wp-json\/"}],"wp:attachment":[{"href":"https:\/\/www.acapulcopress.com\/index.php\/wp-json\/wp\/v2\/media?parent=1218419"}],"wp:term":[{"taxonomy":"category","embeddable":true,"href":"https:\/\/www.acapulcopress.com\/index.php\/wp-json\/wp\/v2\/categories?post=1218419"},{"taxonomy":"post_tag","embeddable":true,"href":"https:\/\/www.acapulcopress.com\/index.php\/wp-json\/wp\/v2\/tags?post=1218419"}],"curies":[{"name":"wp","href":"https:\/\/api.w.org\/{rel}","templated":true}]}}