{"id":1218428,"date":"2021-01-11T09:24:15","date_gmt":"2021-01-11T15:24:15","guid":{"rendered":"https:\/\/www.acapulcopress.com\/?p=1218428"},"modified":"2021-01-11T09:24:15","modified_gmt":"2021-01-11T15:24:15","slug":"lamenta-javier-saldana-rector-de-uagro-deceso-de-leticia-anima-vargas","status":"publish","type":"post","link":"https:\/\/www.acapulcopress.com\/index.php\/2021\/01\/11\/lamenta-javier-saldana-rector-de-uagro-deceso-de-leticia-anima-vargas\/","title":{"rendered":"Lamenta Javier Salda\u00f1a, Rector de UAGro, deceso de Leticia \u00c1nima Vargas"},"content":{"rendered":"<p style=\"text-align: justify;\">CHILPANCINGO. | 11 de enero de 2021.<br \/>\n<em>] UAGro.<\/em><br \/>\n\u00abEn la comunidad UAGro lamentamos profundamente el fallecimiento de Leticia \u00c1nimas Vargas, Coordinadora Nacional de Becas\u00bb, manifest\u00f3 el Rector Javier Salda\u00f1a Almaz\u00e1n, quien complement\u00f3 honrar el trabajo y apoyo que siempre brind\u00f3 a la comunidad estudiantil m\u00e1s vulnerable de nuestra Universidad.<\/p>\n<p style=\"text-align: justify;\">\u00abLa recordaremos como una luchadora social y servidora p\u00fablica ejemplar. Descanse en paz\u00bb, subray\u00f3 Salda\u00f1a Almaz\u00e1n.<\/p>\n","protected":false},"excerpt":{"rendered":"<p>CHILPANCINGO. | 11 de enero de 2021. ] UAGro. \u00abEn la comunidad UAGro lamentamos profundamente el fallecimiento de Leticia \u00c1nimas Vargas, Coordinadora Nacional de Becas\u00bb, manifest\u00f3 el Rector Javier Salda\u00f1a Almaz\u00e1n, quien complement\u00f3 honrar el trabajo y apoyo que siempre brind\u00f3 a la comunidad estudiantil m\u00e1s vulnerable de nuestra Universidad. \u00abLa recordaremos como una luchadora&#8230;<\/p>\n","protected":false},"author":2,"featured_media":1218429,"comment_status":"closed","ping_status":"closed","sticky":false,"template":"","format":"standard","meta":{"footnotes":""},"categories":[18561,2016],"tags":[6705,10644,11784,17463,17610],"class_list":["post-1218428","post","type-post","status-publish","format-standard","has-post-thumbnail","hentry","category-society-politics","category-uagro-society-politics","tag-covid19","tag-javier-saldana-almazan","tag-leticia-animas-vargas","tag-uagro","tag-universidad-autonoma-de-guerrero-uagro"],"_links":{"self":[{"href":"https:\/\/www.acapulcopress.com\/index.php\/wp-json\/wp\/v2\/posts\/1218428","targetHints":{"allow":["GET"]}}],"collection":[{"href":"https:\/\/www.acapulcopress.com\/index.php\/wp-json\/wp\/v2\/posts"}],"about":[{"href":"https:\/\/www.acapulcopress.com\/index.php\/wp-json\/wp\/v2\/types\/post"}],"author":[{"embeddable":true,"href":"https:\/\/www.acapulcopress.com\/index.php\/wp-json\/wp\/v2\/users\/2"}],"replies":[{"embeddable":true,"href":"https:\/\/www.acapulcopress.com\/index.php\/wp-json\/wp\/v2\/comments?post=1218428"}],"version-history":[{"count":0,"href":"https:\/\/www.acapulcopress.com\/index.php\/wp-json\/wp\/v2\/posts\/1218428\/revisions"}],"wp:featuredmedia":[{"embeddable":true,"href":"https:\/\/www.acapulcopress.com\/index.php\/wp-json\/"}],"wp:attachment":[{"href":"https:\/\/www.acapulcopress.com\/index.php\/wp-json\/wp\/v2\/media?parent=1218428"}],"wp:term":[{"taxonomy":"category","embeddable":true,"href":"https:\/\/www.acapulcopress.com\/index.php\/wp-json\/wp\/v2\/categories?post=1218428"},{"taxonomy":"post_tag","embeddable":true,"href":"https:\/\/www.acapulcopress.com\/index.php\/wp-json\/wp\/v2\/tags?post=1218428"}],"curies":[{"name":"wp","href":"https:\/\/api.w.org\/{rel}","templated":true}]}}