{"id":1218443,"date":"2021-01-11T10:30:30","date_gmt":"2021-01-11T16:30:30","guid":{"rendered":"https:\/\/www.acapulcopress.com\/?p=1218443"},"modified":"2021-01-11T10:30:30","modified_gmt":"2021-01-11T16:30:30","slug":"por-covid19-muere-leticia-animas-coordinadora-nacional-de-becas-para-el-bienestar","status":"publish","type":"post","link":"https:\/\/www.acapulcopress.com\/index.php\/2021\/01\/11\/por-covid19-muere-leticia-animas-coordinadora-nacional-de-becas-para-el-bienestar\/","title":{"rendered":"Por Covid19, muere Leticia \u00c1nimas, coordinadora nacional de Becas para el Bienestar"},"content":{"rendered":"<p style=\"text-align: justify;\">CIUDAD DE M\u00c9XICO. | 11 de enero de 2021.<br \/>\n<em>] <a href=\"https:\/\/latinus.us\/2021\/01\/11\/murio-leticia-animas-vargas-coordinadora-nacional-de-becas-para-el-bienestar\/\" target=\"_blank\" rel=\"noopener\">Latinus<\/a>.<\/em><br \/>\nEl presidente Andr\u00e9s Manuel L\u00f3pez Obrador inform\u00f3 este lunes que Leticia \u00c1nimas Vargas, coordinadora nacional de Becas para el Bienestar, falleci\u00f3 por Covid.<\/p>\n<p style=\"text-align: justify;\">\u201cMe acaban de informar que falleci\u00f3 Lety. Era originaria de Puebla, una luchadora social a la que le confi\u00e9 el manejo de la entrega de becas a estudiantes de familias pobres de M\u00e9xico. Por sus convicciones ella era la responsable, nuestro p\u00e9same a sus familiares, amigas, amigos, un abrazo\u201d, dijo el mandatario en conferencia de prensa.<\/p>\n<p style=\"text-align: justify;\">El pasado 4 de enero, el presidente dio a conocer que Leticia \u00c1nimas Vargas, coordinadora nacional de Becas para el Bienestar, dio positivo a la Covid-19 y \u201cha estado mal\u201d de salud.<\/p>\n<p style=\"text-align: justify;\">Detall\u00f3 que la responsable de todo el programa de becas fue sustituida mientras se recupera del coronavirus, para no interrumpir la entrega de apoyos.<\/p>\n<p style=\"text-align: justify;\">\u201cEst\u00e1 enferma nuestra compa\u00f1era Leticia \u00c1nimas que es la coordinadora de becas, le dio Covid y ha estado mal. Le mandamos desde aqu\u00ed un abrazo para que se recupere, ella es la responsable de todo el programa de becas, pero hay quienes lo est\u00e1n sustituyendo entonces vamos a pedir informaci\u00f3n sobre esto\u201d, dijo tras ser cuestionado sobre atrasos en los pagos.<\/p>\n<p style=\"text-align: justify;\">Ayer domingo, el vocero del gobierno de M\u00e9xico, Jes\u00fas Ram\u00edrez Cuevas, inform\u00f3 que dio positivo a la Covid-19; afirm\u00f3 que se encuentra bien de salud y trabajar\u00e1 desde casa.<\/p>\n<p style=\"text-align: justify;\">En una publicaci\u00f3n en su cuenta de Twitter, Ram\u00edrez Cuevas asegur\u00f3 que seguir\u00e1 todos los protocolos sanitarias tras dar positivo a coronavirus.<\/p>\n<p style=\"text-align: justify;\">\u201cInformo que di positivo a Covid-19. Estoy bien de salud y estar\u00e9 trabajando desde casa siguiendo todos los protocolos sanitarios\u201d, manifest\u00f3.<\/p>\n<p style=\"text-align: justify;\">Durante toda la semana pasada, Ram\u00edrez Cuevas estuvo junto al presidente Andr\u00e9s Manuel L\u00f3pez Obrador, en su habitual conferencia matutina, pese a la pandemia de coronavirus, ambos decidieron no portar cubrebocas durante las 2 horas que dur\u00f3.<\/p>\n<p style=\"text-align: justify;\">Otros funcionarios federales que han contra\u00eddo el virus son Irma Er\u00e9ndira Sandoval, secretaria de la Funci\u00f3n P\u00fablica; Ricardo Sheffield, el titular de la Profeco; Zo\u00e9 Robledo, director del IMSS, Arturo Herrera, el titular de Hacienda, y V\u00edctor Villalobos, secretario Agricultura y Desarrollo Rural.<\/p>\n","protected":false},"excerpt":{"rendered":"<p>CIUDAD DE M\u00c9XICO. | 11 de enero de 2021. ] Latinus. El presidente Andr\u00e9s Manuel L\u00f3pez Obrador inform\u00f3 este lunes que Leticia \u00c1nimas Vargas, coordinadora nacional de Becas para el Bienestar, falleci\u00f3 por Covid. \u201cMe acaban de informar que falleci\u00f3 Lety. Era originaria de Puebla, una luchadora social a la que le confi\u00e9 el manejo&#8230;<\/p>\n","protected":false},"author":2,"featured_media":1218444,"comment_status":"closed","ping_status":"closed","sticky":false,"template":"","format":"standard","meta":{"footnotes":""},"categories":[1970,18561],"tags":[],"class_list":["post-1218443","post","type-post","status-publish","format-standard","has-post-thumbnail","hentry","category-epidemiologia-trending","category-society-politics"],"_links":{"self":[{"href":"https:\/\/www.acapulcopress.com\/index.php\/wp-json\/wp\/v2\/posts\/1218443","targetHints":{"allow":["GET"]}}],"collection":[{"href":"https:\/\/www.acapulcopress.com\/index.php\/wp-json\/wp\/v2\/posts"}],"about":[{"href":"https:\/\/www.acapulcopress.com\/index.php\/wp-json\/wp\/v2\/types\/post"}],"author":[{"embeddable":true,"href":"https:\/\/www.acapulcopress.com\/index.php\/wp-json\/wp\/v2\/users\/2"}],"replies":[{"embeddable":true,"href":"https:\/\/www.acapulcopress.com\/index.php\/wp-json\/wp\/v2\/comments?post=1218443"}],"version-history":[{"count":0,"href":"https:\/\/www.acapulcopress.com\/index.php\/wp-json\/wp\/v2\/posts\/1218443\/revisions"}],"wp:featuredmedia":[{"embeddable":true,"href":"https:\/\/www.acapulcopress.com\/index.php\/wp-json\/"}],"wp:attachment":[{"href":"https:\/\/www.acapulcopress.com\/index.php\/wp-json\/wp\/v2\/media?parent=1218443"}],"wp:term":[{"taxonomy":"category","embeddable":true,"href":"https:\/\/www.acapulcopress.com\/index.php\/wp-json\/wp\/v2\/categories?post=1218443"},{"taxonomy":"post_tag","embeddable":true,"href":"https:\/\/www.acapulcopress.com\/index.php\/wp-json\/wp\/v2\/tags?post=1218443"}],"curies":[{"name":"wp","href":"https:\/\/api.w.org\/{rel}","templated":true}]}}