{"id":1218484,"date":"2021-01-11T20:36:10","date_gmt":"2021-01-12T02:36:10","guid":{"rendered":"https:\/\/www.acapulcopress.com\/?p=1218484"},"modified":"2021-01-11T20:36:10","modified_gmt":"2021-01-12T02:36:10","slug":"cen-de-morena-legitima-candidatura-de-felix-salgado-al-gobierno-de-guerrero","status":"publish","type":"post","link":"https:\/\/www.acapulcopress.com\/index.php\/2021\/01\/11\/cen-de-morena-legitima-candidatura-de-felix-salgado-al-gobierno-de-guerrero\/","title":{"rendered":"CEN de Morena legitima candidatura de F\u00e9lix Salgado al Gobierno de Guerrero"},"content":{"rendered":"<p style=\"text-align: justify;\"><em>* Participa F\u00e9lix Guerrero en reuni\u00f3n convocada por el dirigente nacional del partido, Mario Delgado, con los precandidatos de Morena a las diferentes gubernaturas del pa\u00eds.<br \/>\n<\/em><br \/>\n<em><strong>* Se compromete Salgado a construir la unidad de Morena y el proyecto del presidente de la Rep\u00fablica, Andr\u00e9s Manuel L\u00f3pez Obrador, en Guerrero.<\/strong><\/em><\/p>\n<p style=\"text-align: justify;\">CIUDAD DE M\u00c9XICO. | 11 de enero de 2021.<br \/>\n<em>] Especial.<\/em><br \/>\nEl precandidato de Morena a la gubernatura de Guerrero, F\u00e9lix Salgado Macedonio, se reuni\u00f3 con el dirigente nacional del partido, Mario Delgado Carrillo, con quien se comprometi\u00f3 a seguir construyendo la unidad de cara al proceso electoral.<\/p>\n<p style=\"text-align: justify;\"><img loading=\"lazy\" decoding=\"async\" class=\"alignleft size-medium wp-image-1218485\" src=\"https:\/\/www.acapulco.press\/wp-content\/uploads\/2021\/01\/mario-delgado-y-felix-salgado-2-375x332.jpg\" alt=\"\" width=\"375\" height=\"332\" \/>Este lunes, Delgado Carrillo se reuni\u00f3 con los 14 ganadores de las encuestas que se realizaron en los estados donde se renovar\u00e1n las gubernaturas.<\/p>\n<p style=\"text-align: justify;\">En el encuentro, los 14 precandidatos\u00a0refrendaron la unidad en torno al partido y al proyecto del presidente de la Rep\u00fablica, Andr\u00e9s Manuel L\u00f3pez Obrador.<\/p>\n<p style=\"text-align: justify;\">Destacaron la legitimidad del proceso de selecci\u00f3n mediante encuestas, lo que permiti\u00f3 a la poblaci\u00f3n expresar su voluntad.<\/p>\n<p style=\"text-align: justify;\">\u00abS\u00f3lo con unidad y movilizaci\u00f3n, Morena ganar\u00e1 las 15 gubernaturas\u201d, asever\u00f3 Delgado Carrillo durante la reuni\u00f3n.<\/p>\n<p style=\"text-align: justify;\">Adem\u00e1s, hizo un llamado a los precandidatos a \u201casumir el momento hist\u00f3rico que estamos viviendo, darle al pueblo de M\u00e9xico los gobiernos que merecen y, con altura de miras, trabajar en un solo equipo para que las preferencias de la gente se materialicen ganando las 15 gubernaturas y la mayor\u00eda en la C\u00e1mara de Diputados\u201d.<\/p>\n<p style=\"text-align: justify;\">Se\u00f1al\u00f3 la necesidad de garantizar gobiernos aut\u00e9nticamente democr\u00e1ticos, comprometidos con el pueblo, sin despilfarros, privilegios ni corrupci\u00f3n.<\/p>\n<p style=\"text-align: justify;\">Los precandidatos y coordinadores estatales para la Defensa de la Cuarta Transformaci\u00f3n se comprometieron a seguir construyendo la unidad en sus estados.<\/p>\n<p style=\"text-align: justify;\">En la reuni\u00f3n participaron Ra\u00fal Mor\u00f3n, de Michoac\u00e1n; Rub\u00e9n Rocha, de Sinaloa; Alfonso Durazo, de Sonora; Clara Luz Flores, de Nuevo Le\u00f3n; Layda Sansores, de Campeche; David Monreal, de Zacatecas; F\u00e9lix Salgado Macedonio, de Guerrero; Celia Maya, de Quer\u00e9taro; Lorena Cu\u00e9llar, de Tlaxcala; Juan Carlos Loera, de Chihuahua; Indira Vizca\u00edno, de Colima; Miguel \u00c1ngel Navarro, de Nayarit; Marina del Pilar \u00c1vila, de Baja California y V\u00edctor Castro, de Baja California Sur.<\/p>\n","protected":false},"excerpt":{"rendered":"<p>* Participa F\u00e9lix Guerrero en reuni\u00f3n convocada por el dirigente nacional del partido, Mario Delgado, con los precandidatos de Morena a las diferentes gubernaturas del pa\u00eds. * Se compromete Salgado a construir la unidad de Morena y el proyecto del presidente de la Rep\u00fablica, Andr\u00e9s Manuel L\u00f3pez Obrador, en Guerrero. CIUDAD DE M\u00c9XICO. | 11&#8230;<\/p>\n","protected":false},"author":2,"featured_media":1218486,"comment_status":"closed","ping_status":"closed","sticky":false,"template":"","format":"standard","meta":{"footnotes":""},"categories":[2024,18561],"tags":[8467,12677,13297],"class_list":["post-1218484","post","type-post","status-publish","format-standard","has-post-thumbnail","hentry","category-politica-activism","category-society-politics","tag-felix-salgado-macedonio","tag-mario-delgado-carrillo","tag-morena"],"_links":{"self":[{"href":"https:\/\/www.acapulcopress.com\/index.php\/wp-json\/wp\/v2\/posts\/1218484","targetHints":{"allow":["GET"]}}],"collection":[{"href":"https:\/\/www.acapulcopress.com\/index.php\/wp-json\/wp\/v2\/posts"}],"about":[{"href":"https:\/\/www.acapulcopress.com\/index.php\/wp-json\/wp\/v2\/types\/post"}],"author":[{"embeddable":true,"href":"https:\/\/www.acapulcopress.com\/index.php\/wp-json\/wp\/v2\/users\/2"}],"replies":[{"embeddable":true,"href":"https:\/\/www.acapulcopress.com\/index.php\/wp-json\/wp\/v2\/comments?post=1218484"}],"version-history":[{"count":0,"href":"https:\/\/www.acapulcopress.com\/index.php\/wp-json\/wp\/v2\/posts\/1218484\/revisions"}],"wp:featuredmedia":[{"embeddable":true,"href":"https:\/\/www.acapulcopress.com\/index.php\/wp-json\/"}],"wp:attachment":[{"href":"https:\/\/www.acapulcopress.com\/index.php\/wp-json\/wp\/v2\/media?parent=1218484"}],"wp:term":[{"taxonomy":"category","embeddable":true,"href":"https:\/\/www.acapulcopress.com\/index.php\/wp-json\/wp\/v2\/categories?post=1218484"},{"taxonomy":"post_tag","embeddable":true,"href":"https:\/\/www.acapulcopress.com\/index.php\/wp-json\/wp\/v2\/tags?post=1218484"}],"curies":[{"name":"wp","href":"https:\/\/api.w.org\/{rel}","templated":true}]}}