{"id":1218499,"date":"2021-01-11T21:00:30","date_gmt":"2021-01-12T03:00:30","guid":{"rendered":"https:\/\/www.acapulcopress.com\/?p=1218499"},"modified":"2021-01-11T21:00:30","modified_gmt":"2021-01-12T03:00:30","slug":"democratas-inician-segundo-proceso-de-juicio-politico-a-trump","status":"publish","type":"post","link":"https:\/\/www.acapulcopress.com\/index.php\/2021\/01\/11\/democratas-inician-segundo-proceso-de-juicio-politico-a-trump\/","title":{"rendered":"Dem\u00f3cratas inician segundo proceso de juicio pol\u00edtico a Trump"},"content":{"rendered":"<p style=\"text-align: justify;\">WASHINGTON. | 11 de enero de 2021.<br \/>\n<em>] <a href=\"https:\/\/www.telam.com.ar\/notas\/202101\/541221-democratas-acusaran-a-trump-de-incitacion-a-la-insurreccion-en-resolucion-sobre-juicio-politico.html\" target=\"_blank\" rel=\"noopener\">T\u00e9lam<\/a>.<\/em><br \/>\nA solo nueve d\u00edas del traspaso de mando presidencial, la bancada dem\u00f3crata de la C\u00e1mara Baja del Congreso de Estados Unidos present\u00f3 una acusaci\u00f3n de \u00abincitaci\u00f3n a la insurrecci\u00f3n\u00bb contra el presidente saliente Donald Trump para que el Senado le inicie un segundo juicio pol\u00edtico por el violento asalto de sus partidarios al Capitolio del mi\u00e9rcoles pasado.<\/p>\n<p style=\"text-align: justify;\">La tensi\u00f3n es tal en Estados Unidos que la alcaldesa de Washington inst\u00f3 a los estadounidenses a evitar una hist\u00f3rica tradici\u00f3n nacional y no viajar a la ciudad para acompa\u00f1ar a la ceremonia de investidura del presidente electo Joe Biden y a seguir el evento por la televisi\u00f3n o las redes sociales, pese a que la Guardia Nacional ya anunci\u00f3 el despliegue de 15.000 de sus miembros para evitar cualquier nuevo acto de violencia.<\/p>\n<p style=\"text-align: justify;\">Pero esta garant\u00eda no parece alcanzar para calmar el temor que sobrevuela el pa\u00eds ya que el FBI alert\u00f3 en su bolet\u00edn, seg\u00fan recogi\u00f3 el canal de noticias ABC, que se est\u00e1n preparando protestas pro Trump en los 50 estados y la capital entre el domingo pr\u00f3ximo y el mi\u00e9rcoles 20 de la asunci\u00f3n presidencial.<\/p>\n<p style=\"text-align: justify;\">Al panorama de incertidumbre y de advertencias, se sum\u00f3 la renuncia de Chad Wolf, el secretario de Seguridad Interior en funciones de Estados Unidos y el hombre a cargo de las fuerzas de seguridad federales, seg\u00fan una carta difundida por los canales CNN y CNBC.<\/p>\n<p style=\"text-align: justify;\">Se trata del tercer miembro del gabinete de Trump que renuncia tras el ataque del Capitolio y Wolf hab\u00eda pedido p\u00fablicamente que el presidente condenara ese atentado la semana pasada.<\/p>\n<p style=\"text-align: justify;\">En ese contexto, Trump y el vicepresidente Mike Pence procuraron dar una imagen de calma al reunirse este lunes por la tarde en el despacho Oval de la Casa Blanca y mantener una \u00abbuena conversaci\u00f3n\u00bb, seg\u00fan revel\u00f3 un alto funcionario citado sin identificar por la agencia de noticias AFP.<\/p>\n<p style=\"text-align: justify;\">Trump y Pence \u00abreiteraron que quienes violaron la ley y asaltaron el Capitolio la semana pasada no representan al movimiento Estados Unidos Primero, respaldado por 75 millones de estadounidenses, y se comprometieron a continuar trabajando por el pa\u00eds hasta el final de su mandato\u00bb, dijo la fuente.<\/p>\n<p style=\"text-align: justify;\">Las principales redes sociales y plataformas de aplicaciones de comunicaci\u00f3n utilizadas en el pa\u00eds, en tanto, continuaron aislando los espacios utilizados por Trump y sus seguidores para evitar nuevas convocatorias masivas.<\/p>\n<p style=\"text-align: justify;\">Tras la suspensi\u00f3n de las cuentas del mandatario en Twitter, Facebook e Instagram, la red social utilizada por sus simpatizantes, Parler, fue desactivada de internet, luego de ser removida de las plataformas de descargas de aplicaciones de Google y Apple, y de ser removida de los servidores de Amazon.<\/p>\n<p style=\"text-align: justify;\">En medio de este clima de incertidumbre, miedo y tensi\u00f3n, la oposici\u00f3n, que en apenas nueve d\u00edas se convertir\u00e1 en oficialismo, present\u00f3 una acusaci\u00f3n contra Trump en la C\u00e1mara de Representantes, apenas minutos despu\u00e9s de que la bancada republicana bloqueara una resoluci\u00f3n que ped\u00eda que el vicepresidente Mike Pence destituyera a Trump invocando la 25 enmienda de la Constituci\u00f3n, que le da esa autoridad, inform\u00f3 el canal CNN.<\/p>\n<p style=\"text-align: justify;\">Tras la violencia del mi\u00e9rcoles pasado en el Capitolio a manos de seguidores de Trump, el plan de la C\u00e1mara Baja, dominada por la oposici\u00f3n dem\u00f3crata, era debatir y votar ma\u00f1ana una resoluci\u00f3n impulsada por su presidenta, Nancy Pelosi, para pedirle a Pence que invoque la 25a enmienda de la Constituci\u00f3n.<\/p>\n<p style=\"text-align: justify;\">Cuando ese intento fue bloqueado por los republicanos, los dem\u00f3cratas pasaron al plan B: presentar cargos para abrirle un segundo juicio pol\u00edtico a Trump.<\/p>\n<p style=\"text-align: justify;\">\u00abLos republicanos de la c\u00e1mara rechazaron esta legislaci\u00f3n para proteger a Estados Unidos, permitiendo que contin\u00faen los trastornados, perturbados e inestables actos de sedici\u00f3n del presidente. Su complicidad pone en peligro a Estados Unidos, erosiona nuestra democracia y debe terminar\u00bb, asegur\u00f3 Pelosi en un comunicado, luego de anunciar que hab\u00edan dado el primer paso para abrir un segundo proceso de juicio pol\u00edtico a Trump.<\/p>\n<p style=\"text-align: justify;\">La acusaci\u00f3n, que la mayor\u00eda dem\u00f3crata de la C\u00e1mara Baja tratar\u00e1 de votar esta misma semana, seg\u00fan versiones period\u00edsticas quiz\u00e1s el mi\u00e9rcoles, hace referencia a las repetidas denuncias falsas de Trump de fraude en las elecciones del a\u00f1o pasado y al discurso que dio a sus partidarios el 6 de enero incit\u00e1ndolos a marchar al Congreso.<\/p>\n<p style=\"text-align: justify;\">La acusaci\u00f3n tambi\u00e9n menciona una llamada que Trump hizo a la m\u00e1xima autoridad electoral de Georgia en la que le pidi\u00f3 \u00abencontrar\u00bb suficientes votos a su favor como para revertir su derrota frente a Biden en las elecciones del 3 de noviembre pasado en ese estado del sur del pa\u00eds.<\/p>\n<p style=\"text-align: justify;\">\u00abEn todo esto, el presidente Trump puso en grave peligro la seguridad de Estados Unidos y sus instituciones de Gobierno\u00bb, prosigue el texto.<\/p>\n<p style=\"text-align: justify;\">Al apoyar la acusaci\u00f3n, Pelosi explic\u00f3 por qu\u00e9 era necesario presentarla ahora, a solo nueve d\u00edas de la asunci\u00f3n de Biden: \u00abEl presidente representa una amenaza inminente para nuestra Constituci\u00f3n, nuestro pa\u00eds y el pueblo estadounidense, y debe ser destituido del cargo inmediatamente\u00bb, seg\u00fan la agencia de noticias AFP.<\/p>\n<p style=\"text-align: justify;\">Aislado en la Casa Blanca, abandonado por varios de sus ministros y distanciado de Pence, Trump no da, sin embargo, ninguna se\u00f1al de estar pensando en renunciar, seg\u00fan consejeros citados por la prensa estadounidense.<\/p>\n<p style=\"text-align: justify;\">Trump ya fue sometido a un juicio pol\u00edtico en el Congreso.<\/p>\n<p style=\"text-align: justify;\">Dominada por la mayor\u00eda dem\u00f3crata, la C\u00e1mara de Representantes lo acus\u00f3 de presionar al Gobierno de Ucrania para que investigara a Biden en diciembre de 2019.<\/p>\n<p style=\"text-align: justify;\">En un proceso r\u00e1pido y que nunca tuvo chances de triunfar, fue absuelto por el Senado, de mayor\u00eda republicana a inicios de 2020.<\/p>\n<p style=\"text-align: justify;\">A diferencia de ese juicio pol\u00edtico, esta vez los tiempos ser\u00e1n m\u00e1s r\u00e1pidos y se espera que no haya una larga investigaci\u00f3n ni extensas audiencias p\u00fablicas con testigos. Solo as\u00ed la C\u00e1mara Baja podr\u00eda aprobar la acusaci\u00f3n esta misma semana, como se propone Pelosi y la bancada dem\u00f3crata.<\/p>\n<p style=\"text-align: justify;\">Sin embargo, nuevamente, nada indica que tengan los votos en el Senado para alcanzar la mayor\u00eda especial que necesitan para destituir el presidente y, mucho menos, hacerlo antes del mi\u00e9rcoles 20 que entrega el poder.<\/p>\n<p style=\"text-align: justify;\">Biden, que hasta ahora no se hab\u00eda pronunciado sobre la posibilidad de un juicio pol\u00edtico, asegur\u00f3 que tiene tanto \u00abesperanza y expectativa\u00bb por esa iniciativa, aunque aclar\u00f3 que espera que no sea una excusa para que el Senado no avance en la ratificaci\u00f3n de sus nominados para formar el pr\u00f3ximo gabinete o en su prometido nuevo paquete de ayuda econ\u00f3mica por la pandemia.<\/p>\n<p style=\"text-align: justify;\">La mayor\u00eda de los analistas pronostican que los dem\u00f3cratas quieren un voto simb\u00f3lico en la c\u00e1mara que controlan para asestar un \u00faltimo golpe pol\u00edtico a Trump antes del fin de su mandato: convertirlo en el primer presidente de la historia del pa\u00eds en ser acusado en un juicio pol\u00edtico dos veces.<\/p>\n","protected":false},"excerpt":{"rendered":"<p>WASHINGTON. | 11 de enero de 2021. ] T\u00e9lam. A solo nueve d\u00edas del traspaso de mando presidencial, la bancada dem\u00f3crata de la C\u00e1mara Baja del Congreso de Estados Unidos present\u00f3 una acusaci\u00f3n de \u00abincitaci\u00f3n a la insurrecci\u00f3n\u00bb contra el presidente saliente Donald Trump para que el Senado le inicie un segundo juicio pol\u00edtico por&#8230;<\/p>\n","protected":false},"author":2,"featured_media":1218500,"comment_status":"closed","ping_status":"closed","sticky":false,"template":"","format":"standard","meta":{"footnotes":""},"categories":[2020],"tags":[7450,8392,14287],"class_list":["post-1218499","post","type-post","status-publish","format-standard","has-post-thumbnail","hentry","category-world-news","tag-donald-trump","tag-fbi","tag-partido-democrata"],"_links":{"self":[{"href":"https:\/\/www.acapulcopress.com\/index.php\/wp-json\/wp\/v2\/posts\/1218499","targetHints":{"allow":["GET"]}}],"collection":[{"href":"https:\/\/www.acapulcopress.com\/index.php\/wp-json\/wp\/v2\/posts"}],"about":[{"href":"https:\/\/www.acapulcopress.com\/index.php\/wp-json\/wp\/v2\/types\/post"}],"author":[{"embeddable":true,"href":"https:\/\/www.acapulcopress.com\/index.php\/wp-json\/wp\/v2\/users\/2"}],"replies":[{"embeddable":true,"href":"https:\/\/www.acapulcopress.com\/index.php\/wp-json\/wp\/v2\/comments?post=1218499"}],"version-history":[{"count":0,"href":"https:\/\/www.acapulcopress.com\/index.php\/wp-json\/wp\/v2\/posts\/1218499\/revisions"}],"wp:featuredmedia":[{"embeddable":true,"href":"https:\/\/www.acapulcopress.com\/index.php\/wp-json\/"}],"wp:attachment":[{"href":"https:\/\/www.acapulcopress.com\/index.php\/wp-json\/wp\/v2\/media?parent=1218499"}],"wp:term":[{"taxonomy":"category","embeddable":true,"href":"https:\/\/www.acapulcopress.com\/index.php\/wp-json\/wp\/v2\/categories?post=1218499"},{"taxonomy":"post_tag","embeddable":true,"href":"https:\/\/www.acapulcopress.com\/index.php\/wp-json\/wp\/v2\/tags?post=1218499"}],"curies":[{"name":"wp","href":"https:\/\/api.w.org\/{rel}","templated":true}]}}