{"id":1218505,"date":"2021-01-11T21:10:56","date_gmt":"2021-01-12T03:10:56","guid":{"rendered":"https:\/\/www.acapulcopress.com\/?p=1218505"},"modified":"2021-01-11T21:10:56","modified_gmt":"2021-01-12T03:10:56","slug":"eu-vuelve-a-declarar-a-cuba-estado-patrocinador-del-terrorismo","status":"publish","type":"post","link":"https:\/\/www.acapulcopress.com\/index.php\/2021\/01\/11\/eu-vuelve-a-declarar-a-cuba-estado-patrocinador-del-terrorismo\/","title":{"rendered":"EU declara a Cuba \u00abEstado patrocinador del terrorismo\u00bb"},"content":{"rendered":"<p style=\"text-align: justify;\">WASHINGTON. | 11 de enero de 2021.<br \/>\n<em>] <a href=\"https:\/\/www.telam.com.ar\/notas\/202101\/541256-eeuu-volvio-a-declarar-a-cuba-como-estado-patrocinador-del-terrorismo.html\" target=\"_blank\" rel=\"noopener\">T\u00e9lam<\/a>.<\/em><br \/>\nA solo nueve d\u00edas de entregar el poder, el Gobierno estadounidense de Donald Trump volvi\u00f3 a incluir a Cuba dentro de su lista de \u00abEstados patrocinadores del terrorismo\u00bb, de donde el expresidente Barack Obama hab\u00eda sacado a la isla en 2015 con su pol\u00edtica de acercamiento.<\/p>\n<p style=\"text-align: justify;\">\u00abCon esta medida, volveremos a responsabilizar al Gobierno de Cuba y enviaremos un mensaje claro: el r\u00e9gimen de (Ra\u00fal) Castro debe poner fin a su apoyo al terrorismo internacional y la subversi\u00f3n de la justicia estadounidense\u00bb, anunci\u00f3 el Secretario de Estado norteamericano, Mike Pompeo, en un comunicado, citado por la agencia de noticias <em>AFP<\/em>.<\/p>\n<p style=\"text-align: justify;\">Desde que asumi\u00f3 la Presidencia, Trump ha dado marcha atr\u00e1s gradualmente con todo el acercamiento realizado por el Gobierno de su antecesor con el Estado cubano, un esfuerzo que hab\u00eda representado el primer intento oficial y p\u00fablico de terminar con m\u00e1s de medio siglo de una rivalidad marcada por la Guerra Fr\u00eda.<\/p>\n<p style=\"text-align: justify;\">A lo largo de sus cuatro a\u00f1os de mandato, Trump volvi\u00f3 a reducir la embajada estadounidense en La Habana a su m\u00ednima expresi\u00f3n, impuso de nuevo sanciones y hasta las ampli\u00f3, y ya en 2019 incluy\u00f3 a la isla latinoamericana en su lista de Estados que no cooperan con Estados Unidos en materia de terrorismo, lo que fue le\u00eddo por muchos como una antesala a la decisi\u00f3n anunciada este lunes.<\/p>\n<p style=\"text-align: justify;\">El retroceso en las relaciones bilaterales fue gradual pero constante, y la inclusi\u00f3n, nuevamente, en la lista reservada a los Estados considerados m\u00e1s peligrosos y que deben ser completamente aislados representa el corolario de este proceso.<\/p>\n<p style=\"text-align: justify;\">Actualmente, Estados Unidos solo reservaba esta lista negra para tres pa\u00edses: Ir\u00e1n, Corea del Norte y Siria.<\/p>\n<p style=\"text-align: justify;\">Una de las \u00faltimas medidas internacionales del Gobierno de Trump fue sacar de la lista a Sud\u00e1n.<\/p>\n<p style=\"text-align: justify;\">La Casa Blanca tom\u00f3 esa decisi\u00f3n tras negociar un acuerdo entre el Estado sudan\u00e9s e Israel para que el primero reconociera al segundo, y se sumara a un grupo peque\u00f1o pero significativo de pa\u00edses \u00e1rabes que rompieron el aislamiento regional de Tel Aviv con acuerdos similares, todos promocionados por el Gobierno de Trump.<\/p>\n<p style=\"text-align: justify;\">En los \u00faltimos d\u00edas, la prensa cubana inform\u00f3 que casi 8.000 cubanos solicitaron al futuro Gobierno del dem\u00f3crata Joe Biden, quien fue vicepresidente de Obama, que reabra los servicios consulares de la Embajada de Estados Unidos en La Habana.<\/p>\n<p style=\"text-align: justify;\">\u201cSon muchas las familias separadas que asumieron otro obst\u00e1culo al tener que viajar a un tercer pa\u00eds para realizar sus tr\u00e1mites de visado. No podemos ser v\u00edctimas de diferencias pol\u00edticas entre gobiernos\u201d, pidieron en la petici\u00f3n publicada en la plataforma de la Casa Blanca.<\/p>\n","protected":false},"excerpt":{"rendered":"<p>WASHINGTON. | 11 de enero de 2021. ] T\u00e9lam. A solo nueve d\u00edas de entregar el poder, el Gobierno estadounidense de Donald Trump volvi\u00f3 a incluir a Cuba dentro de su lista de \u00abEstados patrocinadores del terrorismo\u00bb, de donde el expresidente Barack Obama hab\u00eda sacado a la isla en 2015 con su pol\u00edtica de acercamiento&#8230;.<\/p>\n","protected":false},"author":2,"featured_media":1218506,"comment_status":"closed","ping_status":"closed","sticky":false,"template":"","format":"standard","meta":{"footnotes":""},"categories":[2020],"tags":[2204,5327,6828,7450,9551,11561,13153,15292],"class_list":["post-1218505","post","type-post","status-publish","format-standard","has-post-thumbnail","hentry","category-world-news","tag-estado-patrocinador-del-terrorismo","tag-casa-blanca","tag-cuba","tag-donald-trump","tag-guerra-fria","tag-la-habana","tag-mike-pompeo","tag-raul-castro"],"_links":{"self":[{"href":"https:\/\/www.acapulcopress.com\/index.php\/wp-json\/wp\/v2\/posts\/1218505","targetHints":{"allow":["GET"]}}],"collection":[{"href":"https:\/\/www.acapulcopress.com\/index.php\/wp-json\/wp\/v2\/posts"}],"about":[{"href":"https:\/\/www.acapulcopress.com\/index.php\/wp-json\/wp\/v2\/types\/post"}],"author":[{"embeddable":true,"href":"https:\/\/www.acapulcopress.com\/index.php\/wp-json\/wp\/v2\/users\/2"}],"replies":[{"embeddable":true,"href":"https:\/\/www.acapulcopress.com\/index.php\/wp-json\/wp\/v2\/comments?post=1218505"}],"version-history":[{"count":0,"href":"https:\/\/www.acapulcopress.com\/index.php\/wp-json\/wp\/v2\/posts\/1218505\/revisions"}],"wp:featuredmedia":[{"embeddable":true,"href":"https:\/\/www.acapulcopress.com\/index.php\/wp-json\/"}],"wp:attachment":[{"href":"https:\/\/www.acapulcopress.com\/index.php\/wp-json\/wp\/v2\/media?parent=1218505"}],"wp:term":[{"taxonomy":"category","embeddable":true,"href":"https:\/\/www.acapulcopress.com\/index.php\/wp-json\/wp\/v2\/categories?post=1218505"},{"taxonomy":"post_tag","embeddable":true,"href":"https:\/\/www.acapulcopress.com\/index.php\/wp-json\/wp\/v2\/tags?post=1218505"}],"curies":[{"name":"wp","href":"https:\/\/api.w.org\/{rel}","templated":true}]}}