{"id":1218512,"date":"2021-01-11T21:20:21","date_gmt":"2021-01-12T03:20:21","guid":{"rendered":"https:\/\/www.acapulcopress.com\/?p=1218512"},"modified":"2021-01-11T21:20:21","modified_gmt":"2021-01-12T03:20:21","slug":"biden-no-tiene-miedo-de-jurar-su-cargo-al-aire-libre-en-estados-unidos","status":"publish","type":"post","link":"https:\/\/www.acapulcopress.com\/index.php\/2021\/01\/11\/biden-no-tiene-miedo-de-jurar-su-cargo-al-aire-libre-en-estados-unidos\/","title":{"rendered":"Biden no tiene miedo de jurar su cargo al aire libre en Estados Unidos"},"content":{"rendered":"<p style=\"text-align: justify;\">WASHINGTON. | 11 de enero de 2021.<br \/>\n<em>] <a href=\"https:\/\/www.efe.com\/efe\/america\/portada\/biden-dice-que-no-tiene-miedo-de-jurar-su-cargo-al-aire-libre-el-dia-20\/20000064-4437642\" target=\"_blank\" rel=\"noopener\">Efe<\/a>.<\/em><br \/>\nEl presidente electo de Estados Unidos, el dem\u00f3crata Joe Biden, asegur\u00f3 este lunes 11 de enero del 2021 que no tiene miedo de jurar su cargo el pr\u00f3ximo d\u00eda 20 en el exterior del Capitolio, como es tradici\u00f3n, despu\u00e9s del asalto violento a la sede del Legislativo por simpatizantes de Donald Trump y de las amenazas de radicales en internet.<\/p>\n<p>\u00abNo tengo miedo de juramentar al aire libre\u00bb, asegur\u00f3 Biden hoy durante una aparici\u00f3n p\u00fablica en la que recibi\u00f3 la segunda dosis de la vacuna de Pfizer contra el coronavirus SARS-CoV-2.<\/p>\n<p>Biden reiter\u00f3 que Trump \u00abno deber\u00eda estar en el poder\u00bb, pero no se pronunci\u00f3 sobre el llamamiento de los dem\u00f3cratas en el Congreso que han pedido al vicepresidente, Mike Pence, y al gabinete del Ejecutivo que invoquen la Enmienda 25 para inhabilitar o comenzar\u00e1n un segundo proceso de \u00abimpeachment\u00bb el mi\u00e9rcoles.<\/p>\n<p>El presidente electo tambi\u00e9n dijo que espera que aquellos que incurrieron en comportamientos \u00absediciosos\u00bb en la toma violenta del Capitolio paguen por lo que hicieron.<\/p>\n<p>Biden asumir\u00e1 la Presidencia el mi\u00e9rcoles de la pr\u00f3xima semana en una ceremonia que tradicionalmente se celebra en las escalinatas del Capitolio, rodeado de la flor y nata del poder estadounidense.<\/p>\n<p>Washington se reforzar\u00e1 con m\u00e1s de 10 000 miembros de la Guardia Nacional para garantizar la seguridad, mientras que la alcaldesa de la ciudad, Muriel Bowser, ha pedido al p\u00fablico a que no asista a la celebraci\u00f3n o se concentre en el la explanada del National Mall por miedo a nuevos enfrentamientos.<\/p>\n<p>El asalto al Capitolio se produjo el pasado mi\u00e9rcoles mientras los legisladores proced\u00edan a certificar la victoria electoral de Biden.<\/p>\n<p>En una intervenci\u00f3n ante sus seguidores congregados frente a la Casa Blanca, Trump les instig\u00f3 a que marcharan hacia la sede del Legislativo y volvi\u00f3 a repetir sus acusaciones infundadas de que fue v\u00edctima de un fraude electoral.<\/p>\n<p>Biden asegur\u00f3 que es un esc\u00e1ndalo que en Estados Unidos fallezcan entre 3 000 y 4 000 personas diarias y asegur\u00f3 que el jueves presentar\u00e1 un plan para acelerar la distribuci\u00f3n y administraci\u00f3n de las vacunas contra la covid-19, que no est\u00e1n siendo distribuidas con la velocidad esperada.<\/p>\n<p>El presidente electo recibi\u00f3 en un hospital cerca de su residencia en el estado de Delaware las dos dosis que le corresponden en un esfuerzo de animar a los indecisos sobre la seguridad de la vacuna.<\/p>\n<p>Estados Unidos supera ya los 375 000 muertos por la pandemia y 22,5 millones de casos del pat\u00f3geno, que sigue avanzando sin remisi\u00f3n en gran parte del pa\u00eds.<\/p>\n","protected":false},"excerpt":{"rendered":"<p>WASHINGTON. | 11 de enero de 2021. ] Efe. El presidente electo de Estados Unidos, el dem\u00f3crata Joe Biden, asegur\u00f3 este lunes 11 de enero del 2021 que no tiene miedo de jurar su cargo el pr\u00f3ximo d\u00eda 20 en el exterior del Capitolio, como es tradici\u00f3n, despu\u00e9s del asalto violento a la sede del&#8230;<\/p>\n","protected":false},"author":2,"featured_media":1218513,"comment_status":"closed","ping_status":"closed","sticky":false,"template":"","format":"standard","meta":{"footnotes":""},"categories":[2020],"tags":[4232,10820],"class_list":["post-1218512","post","type-post","status-publish","format-standard","has-post-thumbnail","hentry","category-world-news","tag-asalto-al-capitolio","tag-joe-biden"],"_links":{"self":[{"href":"https:\/\/www.acapulcopress.com\/index.php\/wp-json\/wp\/v2\/posts\/1218512","targetHints":{"allow":["GET"]}}],"collection":[{"href":"https:\/\/www.acapulcopress.com\/index.php\/wp-json\/wp\/v2\/posts"}],"about":[{"href":"https:\/\/www.acapulcopress.com\/index.php\/wp-json\/wp\/v2\/types\/post"}],"author":[{"embeddable":true,"href":"https:\/\/www.acapulcopress.com\/index.php\/wp-json\/wp\/v2\/users\/2"}],"replies":[{"embeddable":true,"href":"https:\/\/www.acapulcopress.com\/index.php\/wp-json\/wp\/v2\/comments?post=1218512"}],"version-history":[{"count":0,"href":"https:\/\/www.acapulcopress.com\/index.php\/wp-json\/wp\/v2\/posts\/1218512\/revisions"}],"wp:featuredmedia":[{"embeddable":true,"href":"https:\/\/www.acapulcopress.com\/index.php\/wp-json\/"}],"wp:attachment":[{"href":"https:\/\/www.acapulcopress.com\/index.php\/wp-json\/wp\/v2\/media?parent=1218512"}],"wp:term":[{"taxonomy":"category","embeddable":true,"href":"https:\/\/www.acapulcopress.com\/index.php\/wp-json\/wp\/v2\/categories?post=1218512"},{"taxonomy":"post_tag","embeddable":true,"href":"https:\/\/www.acapulcopress.com\/index.php\/wp-json\/wp\/v2\/tags?post=1218512"}],"curies":[{"name":"wp","href":"https:\/\/api.w.org\/{rel}","templated":true}]}}