{"id":1218518,"date":"2021-01-11T21:33:45","date_gmt":"2021-01-12T03:33:45","guid":{"rendered":"https:\/\/www.acapulcopress.com\/?p=1218518"},"modified":"2021-01-11T21:33:45","modified_gmt":"2021-01-12T03:33:45","slug":"cumbre-one-planet-summit-a-la-busqueda-de-proteger-la-biodiversidad","status":"publish","type":"post","link":"https:\/\/www.acapulcopress.com\/index.php\/2021\/01\/11\/cumbre-one-planet-summit-a-la-busqueda-de-proteger-la-biodiversidad\/","title":{"rendered":"Cumbre One Planet Summit, a la b\u00fasqueda de proteger la biodiversidad"},"content":{"rendered":"<p style=\"text-align: justify;\">PARIS. | 11 de enero de 2021.<br \/>\n<em>] <a href=\"https:\/\/www.efeverde.com\/noticias\/cumbre-one-planet-summit-proteccion-biodiversidad\/\" target=\"_blank\" rel=\"noopener\">Efe<\/a>.<\/em><br \/>\nL\u00edderes pol\u00edticos, econ\u00f3micos y ambientales de todo el mundo participan hoy en Par\u00eds en la cuarta edici\u00f3n de la cumbre One Planet Summit para intentar forjar compromisos a favor de la protecci\u00f3n de la biodiversidad ante el cambio clim\u00e1tico.<\/p>\n<p style=\"text-align: justify;\">Organizada por la ONU, Francia y el Banco Mundial, esta cuarta edici\u00f3n de One Planet Summit reunir\u00e1 en Par\u00eds a algunos de los participantes, aunque la mayor\u00eda se sumar\u00e1 de forma virtual.<\/p>\n<p style=\"text-align: justify;\">El secretario general de la ONU, Antonio Guterres, el presidente franc\u00e9s, Emmanuel Macron, el jefe del Estado de Costa Rica, Carlos Alvarado, o la presidenta del Banco Central Europeo (BCE), Christine Lagarde, figuran entre los participantes.<\/p>\n<p style=\"text-align: justify;\">La cumbre busca construir m\u00e1s coaliciones o reforzar las ya existentes, para lograr para objetivos concretos y movilizar m\u00e1s fondos, despu\u00e9s de que la pandemia \u201cha perturbado\u201d durante 2020 la diplomacia internacional y los esfuerzos multilaterales en clima o biodiversidad, se\u00f1al\u00f3 una fuente del El\u00edseo a la prensa en una rueda de prensa telef\u00f3nica.<\/p>\n<p style=\"text-align: justify;\">En este sentido, esta cita de Par\u00eds quiere \u201chacer converger los restos clim\u00e1ticos con la preservaci\u00f3n de los ecosistemas\u201d, a\u00f1adi\u00f3 otra fuente oficial francesa.<\/p>\n<p style=\"text-align: justify;\">Durante el a\u00f1o pasado, muchas reuniones internacionales sobre estos asuntos se aplazaron y cancelaron, por lo que este 2021 ser\u00e1 un ejercicio rico en, entre ellas la COP 25 de Glasgow.<\/p>\n<p style=\"text-align: justify;\">La jornada se organiza en forma de seminarios y mesas redondas organizadas en torno a cuatro temas clave: protecci\u00f3n de ecosistemas terrestres y marinos, promoci\u00f3n de la agricultura ecol\u00f3gica, movilizaci\u00f3n de financiaci\u00f3n por la biodiversidad y el v\u00ednculo entre deforestaci\u00f3n, especies y salud humana.<\/p>\n<p style=\"text-align: justify;\"><strong>Gran Muralla Verde<\/strong><\/p>\n<p style=\"text-align: justify;\">Por separado, se celebrar\u00e1 una sesi\u00f3n del Foro de inversi\u00f3n por la Gran Muralla Verde, que reunir\u00e1 a responsables de finanzas p\u00fablicas y privadas y responsables pol\u00edticos para promover este proyecto, que busca crear una banda de vegetaci\u00f3n en los once pa\u00edses de la franja Sud\u00e1n-Sahel para frenar el avance del desierto del Sahara.<\/p>\n<p style=\"text-align: justify;\">Para 2030, el proyecto prev\u00e9 restaurar con vegetaci\u00f3n 100 millones de hect\u00e1reas de tierras degradadas, lo que supondr\u00eda crear 10 millones de empleos y absorber\u00eda 250 millones de toneladas de carbono de la atm\u00f3sfera.<\/p>\n<p style=\"text-align: justify;\">Francia espera movilizar los 10.000 millones de euros que esta iniciativa necesita para el per\u00edodo 2021-25.<\/p>\n<p style=\"text-align: justify;\">Finalmente se desarrollar\u00e1 una reuni\u00f3n ministerial de la Coaliaci\u00f3n de la Ambici\u00f3n Elevada para la Naturaleza y los Pueblos, copresidida por Francia y Costa Rica, que actualmente tiene una veintena de miembros y que tiene el objetivo de alcanzar ma\u00f1ana el medio centenar.<\/p>\n<p style=\"text-align: justify;\">\n","protected":false},"excerpt":{"rendered":"<p>PARIS. | 11 de enero de 2021. ] Efe. L\u00edderes pol\u00edticos, econ\u00f3micos y ambientales de todo el mundo participan hoy en Par\u00eds en la cuarta edici\u00f3n de la cumbre One Planet Summit para intentar forjar compromisos a favor de la protecci\u00f3n de la biodiversidad ante el cambio clim\u00e1tico. Organizada por la ONU, Francia y el&#8230;<\/p>\n","protected":false},"author":2,"featured_media":1218519,"comment_status":"closed","ping_status":"closed","sticky":false,"template":"","format":"standard","meta":{"footnotes":""},"categories":[1988,18562],"tags":[4753,5015,6849,13967],"class_list":["post-1218518","post","type-post","status-publish","format-standard","has-post-thumbnail","hentry","category-lifestyles","category-turism","tag-biodiversidad","tag-cambio-climatico","tag-cumbre-one-planet-summit","tag-onu"],"_links":{"self":[{"href":"https:\/\/www.acapulcopress.com\/index.php\/wp-json\/wp\/v2\/posts\/1218518","targetHints":{"allow":["GET"]}}],"collection":[{"href":"https:\/\/www.acapulcopress.com\/index.php\/wp-json\/wp\/v2\/posts"}],"about":[{"href":"https:\/\/www.acapulcopress.com\/index.php\/wp-json\/wp\/v2\/types\/post"}],"author":[{"embeddable":true,"href":"https:\/\/www.acapulcopress.com\/index.php\/wp-json\/wp\/v2\/users\/2"}],"replies":[{"embeddable":true,"href":"https:\/\/www.acapulcopress.com\/index.php\/wp-json\/wp\/v2\/comments?post=1218518"}],"version-history":[{"count":0,"href":"https:\/\/www.acapulcopress.com\/index.php\/wp-json\/wp\/v2\/posts\/1218518\/revisions"}],"wp:featuredmedia":[{"embeddable":true,"href":"https:\/\/www.acapulcopress.com\/index.php\/wp-json\/"}],"wp:attachment":[{"href":"https:\/\/www.acapulcopress.com\/index.php\/wp-json\/wp\/v2\/media?parent=1218518"}],"wp:term":[{"taxonomy":"category","embeddable":true,"href":"https:\/\/www.acapulcopress.com\/index.php\/wp-json\/wp\/v2\/categories?post=1218518"},{"taxonomy":"post_tag","embeddable":true,"href":"https:\/\/www.acapulcopress.com\/index.php\/wp-json\/wp\/v2\/tags?post=1218518"}],"curies":[{"name":"wp","href":"https:\/\/api.w.org\/{rel}","templated":true}]}}