{"id":1218524,"date":"2021-01-11T21:42:40","date_gmt":"2021-01-12T03:42:40","guid":{"rendered":"https:\/\/www.acapulcopress.com\/?p=1218524"},"modified":"2021-01-11T21:42:40","modified_gmt":"2021-01-12T03:42:40","slug":"esta-semana-llegan-a-guerrero-primeras-vacunas-covid19-informa-astudillo","status":"publish","type":"post","link":"https:\/\/www.acapulcopress.com\/index.php\/2021\/01\/11\/esta-semana-llegan-a-guerrero-primeras-vacunas-covid19-informa-astudillo\/","title":{"rendered":"Esta semana llegan a Guerrero primeras vacunas Covid19, informa Astudillo"},"content":{"rendered":"<p>CHILPANCINGO. | 11 de enero de 2021.<br \/>\n<em>] Gobierno de Guerrero.<\/em><br \/>\nEl gobernador H\u00e9ctor Astudillo Flores inform\u00f3 que el gobierno federal enviar\u00e1 las vacunas esta semana para que las y los trabajadores en primera l\u00ednea de batalla contra el Covid-19 sean vacunados.<\/p>\n<p>Durante la transmisi\u00f3n n\u00famero 276, acompa\u00f1ado del jefe de la Oficina, Alejandro Bravo Abarca; as\u00ed como los secretarios de Finanzas y Administraci\u00f3n, Tulio Samuel P\u00e9rez Calvo y de Salud, Carlos de la Pe\u00f1a Pintos, el mandatario estatal precis\u00f3 que la primera etapa se aplicar\u00e1 a quienes trabajan en hospitales como m\u00e9dicos, enfermeras, enfermeros, camilleros, entre otros trabajadores que atienden casos de Covid-19.<\/p>\n<p>\u201cTodo el operativo ya est\u00e1 listo, las vacunas se aplicar\u00e1n en los hospitales en cada una de las regiones\u201d, precis\u00f3.<\/p>\n<p>A\u00f1adi\u00f3 tambi\u00e9n que la temporada tur\u00edstica baj\u00f3 de manera considerable, pero los fines de semana seguir\u00e1n llegando turistas porque destinos como Acapulco siguen siendo de los preferidos, por ello, las medidas se seguir\u00e1n aplicando.<\/p>\n<p>En la presentaci\u00f3n del informe t\u00e9cnico diario, el secretario de Salud, Carlos de la Pe\u00f1a Pintos refiri\u00f3 que Guerrero acumula 27 mil 053 casos y 2 mil 776 defunciones.<\/p>\n<p>En cuanto a la hospitalizaci\u00f3n que lleg\u00f3 a un 50 por ciento, \u2013 la media nacional es de 57-, detall\u00f3 que 322 pacientes se encuentran en hospitales, de estos, 118 se encuentran estables, 149 graves y 55 intubados.<\/p>\n<p>Las defunciones en promedio son 15.3 por ciento por d\u00eda, registrando en tiempo real 153 fallecimientos.<\/p>\n<p>En cuanto a la disponibilidad de camas con ventilador, la media nacional es del 49 por ciento, donde Guerrero registra un 28 por ciento de ocupaci\u00f3n de ventiladores.<\/p>\n<p>Ante este panorama, el gobernador H\u00e9ctor Astudillo Flores reiter\u00f3 su llamado a la poblaci\u00f3n a seguir cumpliendo con las medidas sanitarias.<\/p>\n<p>\u201cSi no tienen nada a que salir, qu\u00e9dense en casa, cu\u00eddense y cuiden a los adultos mayores\u201d, expuso.<\/p>\n","protected":false},"excerpt":{"rendered":"<p>CHILPANCINGO. | 11 de enero de 2021. ] Gobierno de Guerrero. El gobernador H\u00e9ctor Astudillo Flores inform\u00f3 que el gobierno federal enviar\u00e1 las vacunas esta semana para que las y los trabajadores en primera l\u00ednea de batalla contra el Covid-19 sean vacunados. Durante la transmisi\u00f3n n\u00famero 276, acompa\u00f1ado del jefe de la Oficina, Alejandro Bravo&#8230;<\/p>\n","protected":false},"author":2,"featured_media":1218525,"comment_status":"closed","ping_status":"closed","sticky":false,"template":"","format":"standard","meta":{"footnotes":""},"categories":[1972,18574],"tags":[9705,17739],"class_list":["post-1218524","post","type-post","status-publish","format-standard","has-post-thumbnail","hentry","category-special","category-gobierno-la-foto","tag-hector-astudillo-flores","tag-vacuna-pfizer-covid19"],"_links":{"self":[{"href":"https:\/\/www.acapulcopress.com\/index.php\/wp-json\/wp\/v2\/posts\/1218524","targetHints":{"allow":["GET"]}}],"collection":[{"href":"https:\/\/www.acapulcopress.com\/index.php\/wp-json\/wp\/v2\/posts"}],"about":[{"href":"https:\/\/www.acapulcopress.com\/index.php\/wp-json\/wp\/v2\/types\/post"}],"author":[{"embeddable":true,"href":"https:\/\/www.acapulcopress.com\/index.php\/wp-json\/wp\/v2\/users\/2"}],"replies":[{"embeddable":true,"href":"https:\/\/www.acapulcopress.com\/index.php\/wp-json\/wp\/v2\/comments?post=1218524"}],"version-history":[{"count":0,"href":"https:\/\/www.acapulcopress.com\/index.php\/wp-json\/wp\/v2\/posts\/1218524\/revisions"}],"wp:featuredmedia":[{"embeddable":true,"href":"https:\/\/www.acapulcopress.com\/index.php\/wp-json\/"}],"wp:attachment":[{"href":"https:\/\/www.acapulcopress.com\/index.php\/wp-json\/wp\/v2\/media?parent=1218524"}],"wp:term":[{"taxonomy":"category","embeddable":true,"href":"https:\/\/www.acapulcopress.com\/index.php\/wp-json\/wp\/v2\/categories?post=1218524"},{"taxonomy":"post_tag","embeddable":true,"href":"https:\/\/www.acapulcopress.com\/index.php\/wp-json\/wp\/v2\/tags?post=1218524"}],"curies":[{"name":"wp","href":"https:\/\/api.w.org\/{rel}","templated":true}]}}