{"id":1218544,"date":"2021-01-11T22:13:52","date_gmt":"2021-01-12T04:13:52","guid":{"rendered":"https:\/\/www.acapulcopress.com\/?p=1218544"},"modified":"2021-01-11T22:13:52","modified_gmt":"2021-01-12T04:13:52","slug":"vacuna-una-esperanza-pero","status":"publish","type":"post","link":"https:\/\/www.acapulcopress.com\/index.php\/2021\/01\/11\/vacuna-una-esperanza-pero\/","title":{"rendered":"Vacuna | Una esperanza, pero\u2026"},"content":{"rendered":"<p style=\"text-align: justify;\"><strong>\u00bb Jacko Badillo<\/strong><br \/>\n<em>] CCEGro<\/em><\/p>\n<p style=\"text-align: justify;\">La vacuna conseguida por el Gobierno de M\u00e9xico en un intento para atacar la pandemia frenando los contagios del Covid-19, debe verse, s\u00ed, como una peque\u00f1a luz al final del t\u00fanel, m\u00e1s no como una soluci\u00f3n definitiva a este grave problema que enfrenta hoy nuestro pa\u00eds.<\/p>\n<p style=\"text-align: justify;\">No hay que olvidar que el compuesto a\u00fan se encuentra en etapa experimental, pues existen todav\u00eda algunas dudas en torno a su efectividad; sin embargo, es indudable que abre una esperanza ante las miles de v\u00edctimas mortales que ha dejado y sigue dejando el virus, sobre todo en los adultos y dem\u00e1s poblaci\u00f3n vulnerable.<\/p>\n<p style=\"text-align: justify;\">Es decir, no podemos ni debemos echar las campanas al vuelo pensando que como ya se comenz\u00f3 a vacunar a algunos sectores la pandemia va a desaparecer como por arte de magia; no, por el contrario, en mi modesta opini\u00f3n creo que ahora m\u00e1s que nunca debemos de ser emp\u00e1ticos con el esfuerzo que hacen nuestras autoridades y actuar con mayor responsabilidad.<\/p>\n<p style=\"text-align: justify;\">Tener en cuenta, sobre todo, que la vacuna no mata el virus, solamente protege a la persona vacunada aunque no se sabe a\u00fan a ciencia cierta por cu\u00e1nto tiempo, y que si no acatamos las medidas sanitarias como se ha venido recomendando, el coronavirus se va a seguir propagando, con el riesgo de que la situaci\u00f3n se vuelva un cuento de nunca acabar.<\/p>\n<p style=\"text-align: justify;\">Por ello la necesidad de insistir en que no bajemos la guardia, que evitemos lo m\u00e1s que se pueda acudir a evento masivos, usar el cubrebocas correctamente, guardar la sana distancia, lavarse las manos adecuada y frecuentemente y utilizar gel antibacterial, y si est\u00e1 en nuestras posibilidades, mantenernos mejor resguardados en casa, que es lo m\u00e1s recomendable.<\/p>\n<p style=\"text-align: justify;\">El gobierno est\u00e1 haciendo su parte, nosotros como buenos ciudadanos, personas responsables, podemos y debemos hacer lo que nos corresponde en esta lucha contra el mal; s\u00f3lo as\u00ed lo vamos a lograr.<\/p>\n<p style=\"text-align: justify;\">Mientras tanto\u2026 \u00a1J\u00e1lalo que es pargo!<\/p>\n","protected":false},"excerpt":{"rendered":"<p>\u00bb Jacko Badillo ] CCEGro La vacuna conseguida por el Gobierno de M\u00e9xico en un intento para atacar la pandemia frenando los contagios del Covid-19, debe verse, s\u00ed, como una peque\u00f1a luz al final del t\u00fanel, m\u00e1s no como una soluci\u00f3n definitiva a este grave problema que enfrenta hoy nuestro pa\u00eds. No hay que olvidar&#8230;<\/p>\n","protected":false},"author":2,"featured_media":1218545,"comment_status":"closed","ping_status":"closed","sticky":false,"template":"","format":"standard","meta":{"footnotes":""},"categories":[2071,1991],"tags":[2745,10804,17739],"class_list":["post-1218544","post","type-post","status-publish","format-standard","has-post-thumbnail","hentry","category-opinion-analisis-columnas","category-libertad-de-expresion","tag-jacko-badillo","tag-joaquin-badillo-escamilla","tag-vacuna-pfizer-covid19"],"_links":{"self":[{"href":"https:\/\/www.acapulcopress.com\/index.php\/wp-json\/wp\/v2\/posts\/1218544","targetHints":{"allow":["GET"]}}],"collection":[{"href":"https:\/\/www.acapulcopress.com\/index.php\/wp-json\/wp\/v2\/posts"}],"about":[{"href":"https:\/\/www.acapulcopress.com\/index.php\/wp-json\/wp\/v2\/types\/post"}],"author":[{"embeddable":true,"href":"https:\/\/www.acapulcopress.com\/index.php\/wp-json\/wp\/v2\/users\/2"}],"replies":[{"embeddable":true,"href":"https:\/\/www.acapulcopress.com\/index.php\/wp-json\/wp\/v2\/comments?post=1218544"}],"version-history":[{"count":0,"href":"https:\/\/www.acapulcopress.com\/index.php\/wp-json\/wp\/v2\/posts\/1218544\/revisions"}],"wp:featuredmedia":[{"embeddable":true,"href":"https:\/\/www.acapulcopress.com\/index.php\/wp-json\/"}],"wp:attachment":[{"href":"https:\/\/www.acapulcopress.com\/index.php\/wp-json\/wp\/v2\/media?parent=1218544"}],"wp:term":[{"taxonomy":"category","embeddable":true,"href":"https:\/\/www.acapulcopress.com\/index.php\/wp-json\/wp\/v2\/categories?post=1218544"},{"taxonomy":"post_tag","embeddable":true,"href":"https:\/\/www.acapulcopress.com\/index.php\/wp-json\/wp\/v2\/tags?post=1218544"}],"curies":[{"name":"wp","href":"https:\/\/api.w.org\/{rel}","templated":true}]}}