{"id":1218555,"date":"2021-01-12T15:04:05","date_gmt":"2021-01-12T21:04:05","guid":{"rendered":"https:\/\/www.acapulcopress.com\/?p=1218555"},"modified":"2021-01-12T15:04:05","modified_gmt":"2021-01-12T21:04:05","slug":"victor-aguirre-presenta-a-empresarios-propuestas-para-impulsar-economia-de-acapulco","status":"publish","type":"post","link":"https:\/\/www.acapulcopress.com\/index.php\/2021\/01\/12\/victor-aguirre-presenta-a-empresarios-propuestas-para-impulsar-economia-de-acapulco\/","title":{"rendered":"V\u00edctor Aguirre presenta a empresarios propuestas para impulsar econom\u00eda de Acapulco"},"content":{"rendered":"<p style=\"text-align: justify;\">ACAPULCO. | 12 de enero de 2021.<br \/>\n<em>] Especial.<\/em><br \/>\nGenerar un puente de entendimiento y comunicaci\u00f3n con los empresarios y la administraci\u00f3n municipal, as\u00ed como el <img loading=\"lazy\" decoding=\"async\" class=\"alignleft size-medium wp-image-1218559\" src=\"https:\/\/www.acapulco.press\/wp-content\/uploads\/2021\/01\/VAguirre-y-Empresarios-6-375x250.jpg\" alt=\"\" width=\"375\" height=\"250\" \/>consultar y debatir la ley de ingresos del municipio con el sector productivo y empresarial, fueron las principales propuestas del precandidato del PRD de la alcald\u00eda de Acapulco, V\u00edctor Aguirre Alcaide, con los empresarios del puerto tur\u00edstico.<\/p>\n<p style=\"text-align: justify;\">Fernando Serna, empresario de la masa y la tortilla de la ciudad tur\u00edstica fue el anfitri\u00f3n que abri\u00f3 el encuentro en el que ofreci\u00f3 el respaldo de las y los empresarios al precandidato en su pr\u00f3xima campa\u00f1a. Agreg\u00f3 que es el momento que el sector productivo escuche los planteamientos en beneficio de las y los ciudadanos.<\/p>\n<p style=\"text-align: justify;\"><img loading=\"lazy\" decoding=\"async\" class=\"alignleft size-medium wp-image-1218560\" src=\"https:\/\/www.acapulco.press\/wp-content\/uploads\/2021\/01\/VAguirre-y-Empresarios-375x250.jpg\" alt=\"\" width=\"375\" height=\"250\" \/>Aguirre Alcaide inform\u00f3 que el sector productivo es el principal generador de empleos y potencializa el desarrollo social y econ\u00f3mico en Acapulco.<\/p>\n<p style=\"text-align: justify;\">\u201cLes ofrezco ser sencillo y humilde para llevar en orden la funci\u00f3n p\u00fablica de la ciudad, sobre todo les brindo la construcci\u00f3n de puentes de comunicaci\u00f3n con el sector empresarial\u201d, se\u00f1al\u00f3.<\/p>\n<p style=\"text-align: justify;\">El precandidato manifest\u00f3 que con el aumento de impuestos por los gobiernos que llegan \u201cllover\u00e1n amparos y en los a\u00f1os nadie pagara impuestos\u201d, por lo que, propuso que, con el sector productivo tiene que negociarse, para mantener una estabilidad y recaudaci\u00f3n justa de los recursos a las arcas municipales.<\/p>\n<p style=\"text-align: justify;\">V\u00edctor Aguirre estuvo acompa\u00f1ado del empresario de la masa y la tortilla de Acapulco, Fernando Serna, la diputada local del PRD, Dimna Salgado Ap\u00e1tiga y la regidora del PRD en Acapulco, Gereli Astudillo Ibarrondo.<\/p>\n","protected":false},"excerpt":{"rendered":"<p>ACAPULCO. | 12 de enero de 2021. ] Especial. Generar un puente de entendimiento y comunicaci\u00f3n con los empresarios y la administraci\u00f3n municipal, as\u00ed como el consultar y debatir la ley de ingresos del municipio con el sector productivo y empresarial, fueron las principales propuestas del precandidato del PRD de la alcald\u00eda de Acapulco, V\u00edctor&#8230;<\/p>\n","protected":false},"author":2,"featured_media":1218558,"comment_status":"closed","ping_status":"closed","sticky":false,"template":"","format":"standard","meta":{"footnotes":""},"categories":[2024,18561],"tags":[3159,17843],"class_list":["post-1218555","post","type-post","status-publish","format-standard","has-post-thumbnail","hentry","category-politica-activism","category-society-politics","tag-acapulco-2021","tag-victor-aguirre-alcaide"],"_links":{"self":[{"href":"https:\/\/www.acapulcopress.com\/index.php\/wp-json\/wp\/v2\/posts\/1218555","targetHints":{"allow":["GET"]}}],"collection":[{"href":"https:\/\/www.acapulcopress.com\/index.php\/wp-json\/wp\/v2\/posts"}],"about":[{"href":"https:\/\/www.acapulcopress.com\/index.php\/wp-json\/wp\/v2\/types\/post"}],"author":[{"embeddable":true,"href":"https:\/\/www.acapulcopress.com\/index.php\/wp-json\/wp\/v2\/users\/2"}],"replies":[{"embeddable":true,"href":"https:\/\/www.acapulcopress.com\/index.php\/wp-json\/wp\/v2\/comments?post=1218555"}],"version-history":[{"count":0,"href":"https:\/\/www.acapulcopress.com\/index.php\/wp-json\/wp\/v2\/posts\/1218555\/revisions"}],"wp:featuredmedia":[{"embeddable":true,"href":"https:\/\/www.acapulcopress.com\/index.php\/wp-json\/"}],"wp:attachment":[{"href":"https:\/\/www.acapulcopress.com\/index.php\/wp-json\/wp\/v2\/media?parent=1218555"}],"wp:term":[{"taxonomy":"category","embeddable":true,"href":"https:\/\/www.acapulcopress.com\/index.php\/wp-json\/wp\/v2\/categories?post=1218555"},{"taxonomy":"post_tag","embeddable":true,"href":"https:\/\/www.acapulcopress.com\/index.php\/wp-json\/wp\/v2\/tags?post=1218555"}],"curies":[{"name":"wp","href":"https:\/\/api.w.org\/{rel}","templated":true}]}}