{"id":1218566,"date":"2021-01-12T15:30:50","date_gmt":"2021-01-12T21:30:50","guid":{"rendered":"https:\/\/www.acapulcopress.com\/?p=1218566"},"modified":"2021-01-12T15:30:50","modified_gmt":"2021-01-12T21:30:50","slug":"fge-obtiene-prision-preventiva-contra-banda-de-asesinos-de-atoyac","status":"publish","type":"post","link":"https:\/\/www.acapulcopress.com\/index.php\/2021\/01\/12\/fge-obtiene-prision-preventiva-contra-banda-de-asesinos-de-atoyac\/","title":{"rendered":"FGE obtiene prisi\u00f3n preventiva contra banda de asesinos de Atoyac"},"content":{"rendered":"<p style=\"text-align: justify;\">CHILPANCINGO. | 12 de enero de 2021.<br \/>\n<em>] <a href=\"https:\/\/fiscaliaguerrero.gob.mx\" target=\"_blank\" rel=\"noopener\">https:\/\/fiscaliaguerrero.gob.mx<\/a><\/em><\/p>\n<p style=\"text-align: justify;\">La Polic\u00eda Investigadora Ministerial adscrita al municipio de Atoyac de \u00c1lvarez, dio cumplimiento a la orden de aprehensi\u00f3n y en audiencia se obtuvo la medida cautelar de prisi\u00f3n preventiva en contra de Juan Carlos \u00abN\u00bb, Dagoberto \u00abN\u00bb y Jovanni \u00abN\u00bb, acusados como probables responsables del delito de homicidio calificado en agravio de Artemio \u00abN\u00bb.<\/p>\n<p><img loading=\"lazy\" decoding=\"async\" class=\"alignleft size-medium wp-image-1218567\" style=\"text-align: justify;\" src=\"https:\/\/www.acapulco.press\/wp-content\/uploads\/2021\/01\/FGE-Angel-375x375.jpg\" alt=\"\" width=\"375\" height=\"375\" \/><\/p>\n<p style=\"text-align: justify;\">Los imputados son acusados por hechos que obran en la carpeta judicial C-55\/2020, se\u00f1alados como quienes participaron en agravio de la v\u00edctima para privarlo de la vida en San Vicente de Jes\u00fas, municipio de Atoyac.<\/p>\n<p style=\"text-align: justify;\">En audiencia inicial el Juez de Control dict\u00f3 la medida cautelar de prisi\u00f3n preventiva quedando los imputados internos en el Centro de Reinserci\u00f3n Social de Tecpan de Galeana.<\/p>\n<p style=\"text-align: justify;\">CAE, EN FILTRO DE SEGURIDAD, HOMICIDA DE CHILAPA<\/p>\n<p style=\"text-align: justify;\">La Polic\u00eda Investigadora Ministerial de Chilapa de \u00c1lvarez, a su vez, asegur\u00f3 en un filtro de seguridad a quien dijo llamarse \u00c1ngel \u00abN\u00bb, como probable responsable del delito de homicidio calificado, hechos en la causa penal 77\/2009-11, quedando el detenido a disposici\u00f3n del Juez Penal del Distrito Judicial de Morelos, Tlapa de Comonfort.<\/p>\n","protected":false},"excerpt":{"rendered":"<p>CHILPANCINGO. | 12 de enero de 2021. ] https:\/\/fiscaliaguerrero.gob.mx La Polic\u00eda Investigadora Ministerial adscrita al municipio de Atoyac de \u00c1lvarez, dio cumplimiento a la orden de aprehensi\u00f3n y en audiencia se obtuvo la medida cautelar de prisi\u00f3n preventiva en contra de Juan Carlos \u00abN\u00bb, Dagoberto \u00abN\u00bb y Jovanni \u00abN\u00bb, acusados como probables responsables del delito&#8230;<\/p>\n","protected":false},"author":2,"featured_media":1218568,"comment_status":"closed","ping_status":"closed","sticky":false,"template":"","format":"standard","meta":{"footnotes":""},"categories":[18561,2005],"tags":[2565,8682,9822,9825,10946,14737],"class_list":["post-1218566","post","type-post","status-publish","format-standard","has-post-thumbnail","hentry","category-society-politics","category-seguridad-y-justicia","tag-https-fiscaliaguerrero-gob-mx","tag-fiscalia-general-de-guerrero-fge","tag-homicidio-calificado","tag-homicidio-doloso","tag-jorge-zuriel-de-los-santos-barrila","tag-policia-ministerial-de-guerrero"],"_links":{"self":[{"href":"https:\/\/www.acapulcopress.com\/index.php\/wp-json\/wp\/v2\/posts\/1218566","targetHints":{"allow":["GET"]}}],"collection":[{"href":"https:\/\/www.acapulcopress.com\/index.php\/wp-json\/wp\/v2\/posts"}],"about":[{"href":"https:\/\/www.acapulcopress.com\/index.php\/wp-json\/wp\/v2\/types\/post"}],"author":[{"embeddable":true,"href":"https:\/\/www.acapulcopress.com\/index.php\/wp-json\/wp\/v2\/users\/2"}],"replies":[{"embeddable":true,"href":"https:\/\/www.acapulcopress.com\/index.php\/wp-json\/wp\/v2\/comments?post=1218566"}],"version-history":[{"count":0,"href":"https:\/\/www.acapulcopress.com\/index.php\/wp-json\/wp\/v2\/posts\/1218566\/revisions"}],"wp:featuredmedia":[{"embeddable":true,"href":"https:\/\/www.acapulcopress.com\/index.php\/wp-json\/"}],"wp:attachment":[{"href":"https:\/\/www.acapulcopress.com\/index.php\/wp-json\/wp\/v2\/media?parent=1218566"}],"wp:term":[{"taxonomy":"category","embeddable":true,"href":"https:\/\/www.acapulcopress.com\/index.php\/wp-json\/wp\/v2\/categories?post=1218566"},{"taxonomy":"post_tag","embeddable":true,"href":"https:\/\/www.acapulcopress.com\/index.php\/wp-json\/wp\/v2\/tags?post=1218566"}],"curies":[{"name":"wp","href":"https:\/\/api.w.org\/{rel}","templated":true}]}}