{"id":1218583,"date":"2021-01-12T17:17:32","date_gmt":"2021-01-12T23:17:32","guid":{"rendered":"https:\/\/www.acapulcopress.com\/?p=1218583"},"modified":"2021-01-12T17:17:32","modified_gmt":"2021-01-12T23:17:32","slug":"anuncia-genaro-vazquez-candidatura-a-alcaldia-de-acapulco-por-el-pt","status":"publish","type":"post","link":"https:\/\/www.acapulcopress.com\/index.php\/2021\/01\/12\/anuncia-genaro-vazquez-candidatura-a-alcaldia-de-acapulco-por-el-pt\/","title":{"rendered":"Anuncia Genaro V\u00e1zquez candidatura a alcald\u00eda de Acapulco por el PT"},"content":{"rendered":"<p style=\"text-align: justify;\"><strong>\u00bb \u00c1ngel Blanco<\/strong><br \/>\nACAPULCO. | 12 de enero de 2021.<br \/>\n<em>] Acapulco Press.<\/em><\/p>\n<p style=\"text-align: justify;\">El #<em>CandidatodelPueblo<\/em> est\u00e1 de regreso. Va por el PT por la alcald\u00eda de Acapulco a fin de instaurar un verdadero <em>#GobiernoDiferente.<\/em><\/p>\n<p style=\"text-align: justify;\"><img loading=\"lazy\" decoding=\"async\" class=\"alignleft size-medium wp-image-1218585\" src=\"https:\/\/www.acapulco.press\/wp-content\/uploads\/2021\/01\/GENARO-VAZQUEZ-Y-VICTORIANO-375x500.jpg\" alt=\"\" width=\"375\" height=\"500\" \/>Genaro V\u00e1zquez Flores hizo p\u00fablico su anuncio a trav\u00e9s de su cuenta personal en Facebook.<\/p>\n<p style=\"text-align: justify;\">\u00abA las compa\u00f1eras y compa\u00f1eros petistas; amigos, familiares, vecinos, a todas las personas que me conocen (y) a la sociedad acapulque\u00f1a les informo que hoy inform\u00e9 a mi comisionado nacional en Guerrero, Victoriano Wences Real, que he decidido participar como candidato a presidente municipal de Acapulco por mi partido, el Partido del Trabajo. Veo que urge un &#8216;gobierno diferente&#8217; que atienda y resuelva las necesidades del pueblo\u00bb.<\/p>\n<p style=\"text-align: justify;\">V\u00e1zquez Flores sorprendi\u00f3 en las elecciones del 2018 como abanderado del partido <em>Coincidencia<\/em>\u00a0<em>Guerrerense<\/em>, lo que le hizo captar la atenci\u00f3n de diversos partidos como el PRI, Morena y el PRD. Este hecho le hizo ganar el t\u00edtulo del \u00abCandidato del Pueblo\u00bb debido a que fue el \u00fanico candidato que enarbol\u00f3 las causas de diversas colonias populares olvidadas y marginadas socialmente por los gobiernos en turno.<\/p>\n<p style=\"text-align: justify;\">\u00abEspero contar con el apoyo de ustedes\u00bb, expres\u00f3 Genaro V\u00e1zquez tras hacer p\u00fablicas sus aspiraciones para contender el pr\u00f3ximo 6 de junio por la alcald\u00eda de Acapulco y cuyas respuestas de amigos y militantes petistas fueron inmediatas: \u00abAcapulco necesita alguien como usted, que es del sentir de los m\u00e1s necesitados. Ah\u00ed estamos a la orden, \u00a0usted es lo que Acapulco necesita, a alguien que en verdad se preocupe por las necesidades del pueblo\u00bb, le expresaron.<br \/>\nwww<strong>.acapulcopress.<\/strong>com<\/p>\n","protected":false},"excerpt":{"rendered":"<p>\u00bb \u00c1ngel Blanco ACAPULCO. | 12 de enero de 2021. ] Acapulco Press. El #CandidatodelPueblo est\u00e1 de regreso. Va por el PT por la alcald\u00eda de Acapulco a fin de instaurar un verdadero #GobiernoDiferente. Genaro V\u00e1zquez Flores hizo p\u00fablico su anuncio a trav\u00e9s de su cuenta personal en Facebook. \u00abA las compa\u00f1eras y compa\u00f1eros petistas;&#8230;<\/p>\n","protected":false},"author":2,"featured_media":1218584,"comment_status":"closed","ping_status":"closed","sticky":false,"template":"","format":"standard","meta":{"footnotes":""},"categories":[2024,18561],"tags":[2627,2725,5985,9132,14284],"class_list":["post-1218583","post","type-post","status-publish","format-standard","has-post-thumbnail","hentry","category-politica-activism","category-society-politics","tag-candidatodelpueblo","tag-gobiernodiferente","tag-coincidencia-guerrerense","tag-genaro-vazquez-flores","tag-partido-del-trabajo-pt"],"_links":{"self":[{"href":"https:\/\/www.acapulcopress.com\/index.php\/wp-json\/wp\/v2\/posts\/1218583","targetHints":{"allow":["GET"]}}],"collection":[{"href":"https:\/\/www.acapulcopress.com\/index.php\/wp-json\/wp\/v2\/posts"}],"about":[{"href":"https:\/\/www.acapulcopress.com\/index.php\/wp-json\/wp\/v2\/types\/post"}],"author":[{"embeddable":true,"href":"https:\/\/www.acapulcopress.com\/index.php\/wp-json\/wp\/v2\/users\/2"}],"replies":[{"embeddable":true,"href":"https:\/\/www.acapulcopress.com\/index.php\/wp-json\/wp\/v2\/comments?post=1218583"}],"version-history":[{"count":0,"href":"https:\/\/www.acapulcopress.com\/index.php\/wp-json\/wp\/v2\/posts\/1218583\/revisions"}],"wp:featuredmedia":[{"embeddable":true,"href":"https:\/\/www.acapulcopress.com\/index.php\/wp-json\/"}],"wp:attachment":[{"href":"https:\/\/www.acapulcopress.com\/index.php\/wp-json\/wp\/v2\/media?parent=1218583"}],"wp:term":[{"taxonomy":"category","embeddable":true,"href":"https:\/\/www.acapulcopress.com\/index.php\/wp-json\/wp\/v2\/categories?post=1218583"},{"taxonomy":"post_tag","embeddable":true,"href":"https:\/\/www.acapulcopress.com\/index.php\/wp-json\/wp\/v2\/tags?post=1218583"}],"curies":[{"name":"wp","href":"https:\/\/api.w.org\/{rel}","templated":true}]}}