{"id":1218591,"date":"2021-01-12T17:53:22","date_gmt":"2021-01-12T23:53:22","guid":{"rendered":"https:\/\/www.acapulcopress.com\/?p=1218591"},"modified":"2021-01-12T17:53:22","modified_gmt":"2021-01-12T23:53:22","slug":"ine-suspendera-mananeras-durante-elecciones-amlo-acusa-censura","status":"publish","type":"post","link":"https:\/\/www.acapulcopress.com\/index.php\/2021\/01\/12\/ine-suspendera-mananeras-durante-elecciones-amlo-acusa-censura\/","title":{"rendered":"INE suspender\u00e1 &#8216;ma\u00f1aneras&#8217; durante elecciones; AMLO acusa censura"},"content":{"rendered":"<p style=\"text-align: justify;\">CIUDAD DE M\u00c9XICO. | 12 de enero de 2021.<br \/>\n<em>] <a href=\"http:\/\/portico.mx\/2021\/01\/12\/se-suspenderan-las-mananeras-de-amlo-durante-elecciones\" target=\"_blank\" rel=\"noopener\">P\u00f3rtico<\/a> \/ <a href=\"https:\/\/www.proceso.com.mx\/nacional\/2021\/1\/12\/amlo-acusa-censura-del-ine-si-suspende-transmision-de-mananeras-ira-tribunales-advierte-256082.html\" target=\"_blank\" rel=\"noopener\">Apro<\/a>.<\/em><\/p>\n<p style=\"text-align: justify;\">La transmisi\u00f3n \u00edntegra de las conferencias matutinas del presidente Andr\u00e9s Manuel L\u00f3pez Obrador se suspender\u00e1n, para garantizar equidad durante las contiendas electorales 2021, confirm\u00f3 el consejero presidente del Instituto Nacional Electoral (INE), Lorenzo C\u00f3rdova.<\/p>\n<p style=\"text-align: justify;\">A partir del pr\u00f3ximo 4 de abril, cuando arrancan las campa\u00f1as federales, deber\u00e1 suspenderse por criterios del Tribunal Electoral del Poder Judicial de la Federaci\u00f3n (TEPJF), toda la propaganda gubernamental en todo el pa\u00eds, esto incluye, las conferencias &#8216;ma\u00f1aneras&#8217; del Presidente.<\/p>\n<p style=\"text-align: justify;\">Lorenzo C\u00f3rdova record\u00f3 que cualquier funcionario p\u00fablico tiene la obligaci\u00f3n de ser imparcial y no hacer uso de recursos p\u00fablicos o programas sociales para ayudar o afectar a partidos o candidatos, lo cual incluye al presidente L\u00f3pez Obrador.<\/p>\n<p style=\"text-align: justify;\">\u201cPor eso se les ha aplicado una tutela preventiva, ahora tutela inhibitoria que es un llamado al Presidente a que cumpla con la constituci\u00f3n y no viole ese mandato de que desde su investidura intervenga de alguna manera con comentarios que pueden distorsionar la equidad en la contienda\u201d, dijo durante el oro las Redes del Odio en M\u00e9xico, organizado por El Colegio de M\u00e9xico.<\/p>\n<p style=\"text-align: justify;\">AMLO ACUSA CENSURA<\/p>\n<p style=\"text-align: justify;\">La posible prohibici\u00f3n de transmisiones para las conferencias de prensa presidenciales perfilada por el Instituto Nacional Electoral (INE), fue considerada por el presidente Andr\u00e9s Manuel L\u00f3pez Obrador como un acto de censura.<\/p>\n<p style=\"text-align: justify;\">En medio de su cruzada contra organismos aut\u00f3nomos, entre estos el Instituto Nacional de Transparencia (INAI), el mandatario hizo hoy una parad\u00f3jica apolog\u00eda del derecho a la informaci\u00f3n, pero centrado en sus conferencias de prensa.<\/p>\n<p style=\"text-align: justify;\">Por ahora, anticip\u00f3 que, si prospera el proyecto de suspender la transmisi\u00f3n en redes sociales y canales gubernamentales de las conferencias de prensa, acudir\u00e1 al Poder Judicial para combatir la posici\u00f3n del INE, cuyo presidente Lorenzo C\u00f3rdova fue se\u00f1alado por el jefe de Estado, de hacerse \u201cde la vista gorda\u201d ante fraudes electorales, actuar por consigna para imponer candidatos y otorgar registros de nuevos partidos.<\/p>\n<p style=\"text-align: justify;\">En diciembre, la Comisi\u00f3n de Quejas del INE emiti\u00f3 medidas cautelares luego de declaraciones presidenciales sobre los partidos de oposici\u00f3n; la Presidencia controvirti\u00f3 la decisi\u00f3n y el pasado fin de semana, el Tribunal Electoral del Poder Judicial de la Federaci\u00f3n, instruy\u00f3 a que sea el Consejo General del INE y no la Comisi\u00f3n de Quejas, la que se pronuncie al respecto.<\/p>\n<p style=\"text-align: justify;\">Para el \u00f3rgano electoral y los partidos de oposici\u00f3n, las expresiones frecuentes del presidente L\u00f3pez Obrador sobre sus opositores afectan la equidad de la contienda; por su parte, el mandatario considera que limitar sus expresiones y la transmisi\u00f3n de su ejercicio comunicacional es censura.<\/p>\n<p style=\"text-align: justify;\">De hecho, hoy repiti\u00f3 las expresiones que ha sostenido desde noviembre, cuando en medio de la pol\u00e9mica por la elecci\u00f3n presidencial estadunidense, las empresas de redes sociales, se\u00f1aladamente Twitter, suspendi\u00f3 la cuenta de Donald Trump, una acci\u00f3n que repiti\u00f3 en d\u00edas pasados luego de que el estadunidense azuzara a sus seguidores a presionar legisladores para evitar el asenso de su adversario y triunfador en las elecciones, Joe Biden, provocando el asalto al Capitolio, la sede del legislativo de ese pa\u00eds.<\/p>\n<p style=\"text-align: justify;\">L\u00f3pez Obrador advirti\u00f3 que, adem\u00e1s de buscar combatir la prohibici\u00f3n en tribunales, pedir\u00e1 a la gente que se exprese, que diga si est\u00e1 de acuerdo.<\/p>\n<p style=\"text-align: justify;\">La suspensi\u00f3n de transmisiones no es inusual. Desde hace a\u00f1os, los presidentes y los gobernadores en M\u00e9xico, deben suspender la transmisi\u00f3n de discursos y expresiones p\u00fablicas conforme a las disposiciones electorales, un tema en el que L\u00f3pez Obrador no quiere ceder doli\u00e9ndose de que est\u00e1 \u201cbajo ataque\u201d de los medios de comunicaci\u00f3n y que las ma\u00f1aneras son la \u00fanica forma de garantizar el acceso a la informaci\u00f3n al pueblo.<\/p>\n<p style=\"text-align: justify;\">L\u00f3pez Obrador fue reiterativo hoy en que \u00e9l y sus colaboradores no son iguales a los gobernantes del pasado, garantizando respetar los procesos, evitar la intervenci\u00f3n de funcionarios y el desv\u00edo de recursos p\u00fablicos con fines partidistas, as\u00ed que luego de descalificar al presidente del INE, le dijo que \u201cno se preocupe\u201d por la equidad de los comicios.<\/p>\n","protected":false},"excerpt":{"rendered":"<p>CIUDAD DE M\u00c9XICO. | 12 de enero de 2021. ] P\u00f3rtico \/ Apro. La transmisi\u00f3n \u00edntegra de las conferencias matutinas del presidente Andr\u00e9s Manuel L\u00f3pez Obrador se suspender\u00e1n, para garantizar equidad durante las contiendas electorales 2021, confirm\u00f3 el consejero presidente del Instituto Nacional Electoral (INE), Lorenzo C\u00f3rdova. A partir del pr\u00f3ximo 4 de abril, cuando&#8230;<\/p>\n","protected":false},"author":2,"featured_media":1218592,"comment_status":"closed","ping_status":"closed","sticky":false,"template":"","format":"standard","meta":{"footnotes":""},"categories":[1969],"tags":[3896,10337,12057,12343,13772,17391],"class_list":["post-1218591","post","type-post","status-publish","format-standard","has-post-thumbnail","hentry","category-trending","tag-andres-manuel-lopez-obrador","tag-instituto-nacional-electoral-ine","tag-lorenzo-cordova","tag-mananeras-de-amlo","tag-noticias-de-amlo","tag-tribunal-electoral-del-poder-judicial-de-la-federacion-tepjf"],"_links":{"self":[{"href":"https:\/\/www.acapulcopress.com\/index.php\/wp-json\/wp\/v2\/posts\/1218591","targetHints":{"allow":["GET"]}}],"collection":[{"href":"https:\/\/www.acapulcopress.com\/index.php\/wp-json\/wp\/v2\/posts"}],"about":[{"href":"https:\/\/www.acapulcopress.com\/index.php\/wp-json\/wp\/v2\/types\/post"}],"author":[{"embeddable":true,"href":"https:\/\/www.acapulcopress.com\/index.php\/wp-json\/wp\/v2\/users\/2"}],"replies":[{"embeddable":true,"href":"https:\/\/www.acapulcopress.com\/index.php\/wp-json\/wp\/v2\/comments?post=1218591"}],"version-history":[{"count":0,"href":"https:\/\/www.acapulcopress.com\/index.php\/wp-json\/wp\/v2\/posts\/1218591\/revisions"}],"wp:featuredmedia":[{"embeddable":true,"href":"https:\/\/www.acapulcopress.com\/index.php\/wp-json\/"}],"wp:attachment":[{"href":"https:\/\/www.acapulcopress.com\/index.php\/wp-json\/wp\/v2\/media?parent=1218591"}],"wp:term":[{"taxonomy":"category","embeddable":true,"href":"https:\/\/www.acapulcopress.com\/index.php\/wp-json\/wp\/v2\/categories?post=1218591"},{"taxonomy":"post_tag","embeddable":true,"href":"https:\/\/www.acapulcopress.com\/index.php\/wp-json\/wp\/v2\/tags?post=1218591"}],"curies":[{"name":"wp","href":"https:\/\/api.w.org\/{rel}","templated":true}]}}