{"id":1218599,"date":"2021-01-12T18:10:23","date_gmt":"2021-01-13T00:10:23","guid":{"rendered":"https:\/\/www.acapulcopress.com\/?p=1218599"},"modified":"2021-01-12T18:10:23","modified_gmt":"2021-01-13T00:10:23","slug":"llegan-a-mexico-439-mil-dosis-de-vacunas-contra-sars-cov-2","status":"publish","type":"post","link":"https:\/\/www.acapulcopress.com\/index.php\/2021\/01\/12\/llegan-a-mexico-439-mil-dosis-de-vacunas-contra-sars-cov-2\/","title":{"rendered":"Llegaron a M\u00e9xico 439 mil dosis de vacunas contra SARS-CoV-2"},"content":{"rendered":"<p style=\"text-align: justify;\"><strong><em>*\u00a0 Las rutas a\u00e9reas del destino de las vacunas son: Hermosillo, Tijuana, La Paz, Chihuahua, Torre\u00f3n, Apodaca, M\u00e9rida, Canc\u00fan, Chetumal, Campeche, Le\u00f3n, San Luis Potos\u00ed, Zacatecas, Durango, Culiac\u00e1n, Tepic, Morelia, Colima, Zapopan, Aguascalientes, Veracruz. Oaxaca, Tuxtla Guti\u00e9rrez, Villahermosa, Chilpancingo, Acapulco, Zihuatanejo, Tampico, Ciudad Victoria, Reynosa y Nuevo Laredo.<\/em><\/strong><\/p>\n<p style=\"text-align: justify;\">\nCIUDAD DE M\u00c9XICO. | 12 de enero de 2021.<br \/>\n<em>] Gobierno de M\u00e9xico.<\/em><\/p>\n<p style=\"text-align: justify;\">El presidente Andr\u00e9s Manuel L\u00f3pez Obrador encabez\u00f3 la presentaci\u00f3n del Plan de Distribuci\u00f3n de la Vacuna contra el virus SARS-CoV-2 ante la llegada de 439 mil 725 dosis de vacunas Pfizer. A partir de este d\u00eda 879 brigadas iniciar\u00e1n la vacunaci\u00f3n al personal de salud de hospitales COVID de los 32 estados del pa\u00eds.<\/p>\n<p style=\"text-align: justify;\"><img loading=\"lazy\" decoding=\"async\" class=\"alignleft size-medium wp-image-1218593\" src=\"https:\/\/www.acapulco.press\/wp-content\/uploads\/2021\/01\/VACUNAS-MEXICO-375x251.jpg\" alt=\"\" width=\"375\" height=\"251\" \/>En conferencia de prensa matutina, el secretario de la Defensa Nacional, Luis Cresencio Sandoval, inform\u00f3 que a las 13:20 horas se desplegar\u00e1n las rutas de distribuci\u00f3n de las vacunas.<\/p>\n<p style=\"text-align: justify;\">Siete ser\u00e1n terrestres: seis a los estados colindantes a la capital del pa\u00eds y una en la Ciudad de M\u00e9xico. Al interior del pa\u00eds se enviar\u00e1n ocho rutas por la v\u00eda a\u00e9rea. Habr\u00e1 179 escoltas de seguridad para su resguardo.<\/p>\n<p style=\"text-align: justify;\">El Plan Nacional de Vacunaci\u00f3n contra el Virus SARS-CoV-2 se trata en t\u00e9rminos generales, explic\u00f3 el jefe del Ejecutivo, de vacunar a toda la poblaci\u00f3n mexicana y residentes de pa\u00edses extranjeros en M\u00e9xico.<\/p>\n<p style=\"text-align: justify;\">\u201cA todos; es vacunaci\u00f3n universal, que significa a todas y todos, gratuita. Ya se defini\u00f3 como estrategia que primero se vacune a trabajadores del sector salud que est\u00e1n en hospitales COVID salvando vidas. Ese es el primer grupo al que desde que empezaron a llegar las vacunas se est\u00e1 atendiendo. Terminando de vacunar a este grupo, vamos a iniciar la vacunaci\u00f3n a adultos mayores, es el otro grupo prioritario\u201d, remarc\u00f3.<\/p>\n<p style=\"text-align: justify;\">Agreg\u00f3 que una vez que se concluya la vacunaci\u00f3n en hospitales COVID, al final de enero, se continuar\u00e1 la aplicaci\u00f3n a adultos mayores en comunidades apartadas con las vacunas restantes de Pfizer.<\/p>\n<p style=\"text-align: justify;\">Se prev\u00e9 que en abril concluya la vacunaci\u00f3n a 15 millones de adultos mayores de todo el pa\u00eds. El mandatario reafirm\u00f3 que si se protege a este grupo vulnerable de la poblaci\u00f3n se reducir\u00e1 la mortalidad por COVID en 80 por ciento.<\/p>\n<p style=\"text-align: justify;\">En febrero se vacunar\u00e1 a las personas adultas mayores habitantes de zonas rurales y ciudades medias. Hacia finales de ese mismo mes se aplicar\u00e1 la vacuna de CanSino Biologics en grandes ciudades. El mandatario indic\u00f3 que a \u00e9l le corresponder\u00e1 esa etapa por vivir en la Ciudad de M\u00e9xico.<\/p>\n<p style=\"text-align: justify;\">Despu\u00e9s se proceder\u00e1 a inmunizar a personas con enfermedades cr\u00f3nicas menores de 60 a\u00f1os. Al mismo tiempo se vacunar\u00e1 a maestras y maestros de las entidades que para entonces est\u00e9n en sem\u00e1foro epidemiol\u00f3gico verde.<\/p>\n<p style=\"text-align: justify;\">\u201cYo estoy optimista y como va a tener a partir de marzo de otras farmac\u00e9uticas millones de vacunas, yo puedo decir que muy pronto vamos a estar vacunados todos. Ahora es nuestra prioridad como gobierno la vacuna el que nos apuremos y lo hagamos lo m\u00e1s pronto posible para salvar vidas, reducir los fallecimientos por COVID\u201d, afirm\u00f3 el presidente.<\/p>\n<p style=\"text-align: justify;\">Resalt\u00f3 que se integraron 10 mil brigadas de 10 servidores p\u00fablicos y dos voluntarios cada una. Participar\u00e1n 120 mil personas, entre los que se encuentran promotores de la salud, m\u00e9dicos, enfermeros y representantes de las Fuerzas Armadas.<\/p>\n<p style=\"text-align: justify;\">El subsecretario de Prevenci\u00f3n y Promoci\u00f3n de la Salud, Hugo L\u00f3pez-Gatell Ram\u00edrez, dijo que es fundamental el trabajo interinstitucional en la aplicaci\u00f3n del Plan Nacional de Vacunaci\u00f3n.<\/p>\n<p style=\"text-align: justify;\">Destac\u00f3 la participaci\u00f3n de la Secretar\u00eda de la Defensa Nacional y de la Secretar\u00eda de Marina para coordinar la log\u00edstica y acelerar la aplicaci\u00f3n en el territorio nacional.<\/p>\n<p style=\"text-align: justify;\">Detall\u00f3 que al 11 de enero suman 87 mil 60 personas vacunadas, lo que coloca a M\u00e9xico en el pa\u00eds n\u00famero 18 respecto a todos los del mundo y el segundo en Am\u00e9rica Latina, despu\u00e9s de Argentina, en vacunas aplicadas.<\/p>\n<p style=\"text-align: justify;\">En el Aeropuerto Internacional de la Ciudad de M\u00e9xico recibieron el embarque de 439 mil 725 dosis de la vacuna de Pfizer los secretarios de Salud, Jorge Alcocer Varela; de Relaciones Exteriores (SRE), Marcelo Ebrard Casaubon y de Hacienda y Cr\u00e9dito P\u00fablico (SHCP), Arturo Herrera, adem\u00e1s del director del Instituto de Salud para el Bienestar, Juan Ferrer Aguilar.<\/p>\n<p style=\"text-align: justify;\">El presidente indic\u00f3 que de momento solo se vacuna a trabajadoras y trabajadores de salud que se desempe\u00f1an de manera directa con personas enfermas de COVID-19, por lo que nuevamente llam\u00f3 a esperar turno y respetar el orden de la vacunaci\u00f3n.<\/p>\n<p style=\"text-align: justify;\">\u201cNo dirigentes sindicales, no pol\u00edticos, no influyentes, sino los que est\u00e1n salvando vidas que tenemos que proteger; que todos ayudemos para que se hagan las cosas bien, con honestidad, que nadie se brinque o se salte la fila, que nos esperemos cuando nos toque nuestro turno. No vale el dinero, las influencias, el poder. Tenemos que dar un ejemplo de buen comportamiento. Estamos a favor de la igualdad en los hechos\u201d, subray\u00f3.<\/p>\n<p style=\"text-align: justify;\">\u201cComo estamos trabajando de manera organizada nos va a tocar pronto. No va a pasar mucho tiempo y vamos a estar vacunados, protegidos, para que no se padezca de esta pandemia, de este virus terrible que tanto dolor ha dejado\u201d, a\u00f1adi\u00f3.<\/p>\n<p style=\"text-align: justify;\">Al mismo tiempo enfatiz\u00f3 en la importancia de que la vacunaci\u00f3n no se utilice con prop\u00f3sitos electorales.<\/p>\n<p style=\"text-align: justify;\">\u201cQue no haya politiquer\u00eda. Precisamente por eso se est\u00e1 manejando desde la federaci\u00f3n, no solo porque nos corresponde legalmente sino porque consideramos tener la confianza del pueblo de M\u00e9xico para llevar a cabo nosotros esta acci\u00f3n\u201d, expres\u00f3.<\/p>\n<p style=\"text-align: justify;\">Acompa\u00f1aron al presidente en el di\u00e1logo con representantes de los medios de comunicaci\u00f3n, el secretario de Marina, Rafael Ojeda Dur\u00e1n; el director del Instituto Mexicano del Seguro Social, Zo\u00e9 Robledo Aburto y el director del ISSSTE, Jos\u00e9 Antonio Ram\u00edrez Pineda.<\/p>\n","protected":false},"excerpt":{"rendered":"<p>*\u00a0 Las rutas a\u00e9reas del destino de las vacunas son: Hermosillo, Tijuana, La Paz, Chihuahua, Torre\u00f3n, Apodaca, M\u00e9rida, Canc\u00fan, Chetumal, Campeche, Le\u00f3n, San Luis Potos\u00ed, Zacatecas, Durango, Culiac\u00e1n, Tepic, Morelia, Colima, Zapopan, Aguascalientes, Veracruz. Oaxaca, Tuxtla Guti\u00e9rrez, Villahermosa, Chilpancingo, Acapulco, Zihuatanejo, Tampico, Ciudad Victoria, Reynosa y Nuevo Laredo. CIUDAD DE M\u00c9XICO. | 12 de enero&#8230;<\/p>\n","protected":false},"author":2,"featured_media":1218601,"comment_status":"closed","ping_status":"closed","sticky":false,"template":"","format":"standard","meta":{"footnotes":""},"categories":[1969],"tags":[3896,5105,6705,14632,16205,16221],"class_list":["post-1218599","post","type-post","status-publish","format-standard","has-post-thumbnail","hentry","category-trending","tag-andres-manuel-lopez-obrador","tag-cansino-biologics","tag-covid19","tag-plan-nacional-de-vacunacion-contra-el-virus-sars-cov-2","tag-secretaria-de-la-defensa-nacional","tag-secretaria-de-marina"],"_links":{"self":[{"href":"https:\/\/www.acapulcopress.com\/index.php\/wp-json\/wp\/v2\/posts\/1218599","targetHints":{"allow":["GET"]}}],"collection":[{"href":"https:\/\/www.acapulcopress.com\/index.php\/wp-json\/wp\/v2\/posts"}],"about":[{"href":"https:\/\/www.acapulcopress.com\/index.php\/wp-json\/wp\/v2\/types\/post"}],"author":[{"embeddable":true,"href":"https:\/\/www.acapulcopress.com\/index.php\/wp-json\/wp\/v2\/users\/2"}],"replies":[{"embeddable":true,"href":"https:\/\/www.acapulcopress.com\/index.php\/wp-json\/wp\/v2\/comments?post=1218599"}],"version-history":[{"count":0,"href":"https:\/\/www.acapulcopress.com\/index.php\/wp-json\/wp\/v2\/posts\/1218599\/revisions"}],"wp:featuredmedia":[{"embeddable":true,"href":"https:\/\/www.acapulcopress.com\/index.php\/wp-json\/"}],"wp:attachment":[{"href":"https:\/\/www.acapulcopress.com\/index.php\/wp-json\/wp\/v2\/media?parent=1218599"}],"wp:term":[{"taxonomy":"category","embeddable":true,"href":"https:\/\/www.acapulcopress.com\/index.php\/wp-json\/wp\/v2\/categories?post=1218599"},{"taxonomy":"post_tag","embeddable":true,"href":"https:\/\/www.acapulcopress.com\/index.php\/wp-json\/wp\/v2\/tags?post=1218599"}],"curies":[{"name":"wp","href":"https:\/\/api.w.org\/{rel}","templated":true}]}}