{"id":1218609,"date":"2021-01-12T19:08:46","date_gmt":"2021-01-13T01:08:46","guid":{"rendered":"https:\/\/www.acapulcopress.com\/?p=1218609"},"modified":"2021-01-12T19:08:46","modified_gmt":"2021-01-13T01:08:46","slug":"mujeres-guerrerenses-salen-a-las-calles-en-apoyo-de-felix-salgado","status":"publish","type":"post","link":"https:\/\/www.acapulcopress.com\/index.php\/2021\/01\/12\/mujeres-guerrerenses-salen-a-las-calles-en-apoyo-de-felix-salgado\/","title":{"rendered":"Mujeres guerrerenses salen a las calles en apoyo de F\u00e9lix Salgado"},"content":{"rendered":"<p style=\"text-align: justify;\">CHILPANCINGO. | 12 de enero de 2021.<br \/>\n] Especial.<\/p>\n<p>F\u00e9lix Salgado Macedonio estuvo hoy en las calles de esta ciudad. No lo hizo f\u00edsicamente: por \u00e9l estuvieron m\u00e1s de 2 mil mujeres de las siete regiones del estado que salieron a darle p\u00fablicamente su apoyo y a rechazar la guerra sucia en su contra.<\/p>\n<p style=\"text-align: justify;\"><img loading=\"lazy\" decoding=\"async\" class=\"alignleft size-medium wp-image-1218611\" src=\"https:\/\/www.acapulco.press\/wp-content\/uploads\/2021\/01\/MUJERES-FELIX-3-375x563.jpg\" alt=\"\" width=\"375\" height=\"563\" \/>Desde el parque Margarita Maza de Ju\u00e1rez hasta el monumento a las banderas, las mujeres lanzaron consignas y levantaron pancartas.<\/p>\n<p style=\"text-align: justify;\">Una manta al frente del contingente dec\u00eda: \u201cMujeres guerrerenses apoyamos a F\u00e9lix Salgado Macedonio\u201d, y cartulinas pidiendo alto a la guerra sucia.<\/p>\n<p style=\"text-align: justify;\">Los contingentes mostraban tambi\u00e9n en pancartas su origen: de Zihuatanejo, de San Marcos, de Ometepec, de Acapulco, Tlacotepec, de La Monta\u00f1a, de Juan R. Escudero, de Iguala, Tierra Caliente, en esta marcha de car\u00e1cter estatal que, sin candidato, llen\u00f3 las calles.<\/p>\n<p style=\"text-align: justify;\">Incluso quienes no asistieron, buscaron hacerse presente. En su cuenta de <em>Facebook,<\/em> Yeritzia Villanueva, enfermera de profesi\u00f3n, escribi\u00f3 desde La Monta\u00f1a que no pudo asistir por estar en estos momentos en la l\u00ednea de batalla contra el covid 19, pero de todas maneras no quiso faltar: \u201csomos mujeres hechas y derechas que nos manifestamos de manera pac\u00edfica y otras en el hospital, dando frente a esta pandemia y dedicando el esfuerzo de este d\u00eda al Ing. F\u00e9lix Salgado Macedonio\u201d, escribi\u00f3.<\/p>\n<p style=\"text-align: justify;\">La diputada local \u00c9rika Valencia Cardona, presidenta de la Comisi\u00f3n para la Igualdad de G\u00e9nero del Congreso Local, <img loading=\"lazy\" decoding=\"async\" class=\"alignleft size-medium wp-image-1218613\" src=\"https:\/\/www.acapulco.press\/wp-content\/uploads\/2021\/01\/MUJERES-FELIX-5-375x281.jpg\" alt=\"\" width=\"375\" height=\"281\" \/>ley\u00f3 un posicionamiento en el que se establece que \u201clas mujeres nunca hemos sido partidarias de politizar lo que por naturaleza debe ser un logro de las que luchamos por la democracia\u201d.<\/p>\n<p style=\"text-align: justify;\">Dijo que hace 30 a\u00f1os en Guerrero naci\u00f3 un movimiento encabezado por un hombre \u201cque tuvo el valor de desafiar al Estado\u201d el cual es \u201chijo amoroso, hermano de tres mujeres, padre de siete mujeres, esposo, amigo, respetuoso y leal con sus principios y convicciones\u201d.<\/p>\n<p style=\"text-align: justify;\">En entrevista con reporteros la legisladora se\u00f1al\u00f3 que las acusaciones contra el precandidato a gobernador de Morena deben ventilarse en las instancias legales y no en las redes <img loading=\"lazy\" decoding=\"async\" class=\"alignleft size-medium wp-image-1218614\" src=\"https:\/\/www.acapulco.press\/wp-content\/uploads\/2021\/01\/MUJERES-FELIX-375x250.jpg\" alt=\"\" width=\"375\" height=\"250\" \/>sociales, pidi\u00f3 que no se difame a ninguna persona y no se hagan juicios hasta que haya una resoluci\u00f3n de los tribunales, mientras tanto, no se debe estar calumniando a nadie.<\/p>\n<p style=\"text-align: justify;\">El contingente estuvo precedido por un grupo de danzantes tlacololeras.<\/p>\n<p style=\"text-align: justify;\">Sali\u00f3 del parque Margarita Maza de Ju\u00e1rez, atraves\u00f3 la avenida Ignacio Ram\u00edrez y avanz\u00f3 sobre Miguel Alem\u00e1n hasta llegar a Las Banderas.<\/p>\n","protected":false},"excerpt":{"rendered":"<p>CHILPANCINGO. | 12 de enero de 2021. ] Especial. F\u00e9lix Salgado Macedonio estuvo hoy en las calles de esta ciudad. No lo hizo f\u00edsicamente: por \u00e9l estuvieron m\u00e1s de 2 mil mujeres de las siete regiones del estado que salieron a darle p\u00fablicamente su apoyo y a rechazar la guerra sucia en su contra. Desde&#8230;<\/p>\n","protected":false},"author":2,"featured_media":1218610,"comment_status":"closed","ping_status":"closed","sticky":false,"template":"","format":"standard","meta":{"footnotes":""},"categories":[2024,18561],"tags":[8467,9542,13297],"class_list":["post-1218609","post","type-post","status-publish","format-standard","has-post-thumbnail","hentry","category-politica-activism","category-society-politics","tag-felix-salgado-macedonio","tag-gubernatura-de-guerrero","tag-morena"],"_links":{"self":[{"href":"https:\/\/www.acapulcopress.com\/index.php\/wp-json\/wp\/v2\/posts\/1218609","targetHints":{"allow":["GET"]}}],"collection":[{"href":"https:\/\/www.acapulcopress.com\/index.php\/wp-json\/wp\/v2\/posts"}],"about":[{"href":"https:\/\/www.acapulcopress.com\/index.php\/wp-json\/wp\/v2\/types\/post"}],"author":[{"embeddable":true,"href":"https:\/\/www.acapulcopress.com\/index.php\/wp-json\/wp\/v2\/users\/2"}],"replies":[{"embeddable":true,"href":"https:\/\/www.acapulcopress.com\/index.php\/wp-json\/wp\/v2\/comments?post=1218609"}],"version-history":[{"count":0,"href":"https:\/\/www.acapulcopress.com\/index.php\/wp-json\/wp\/v2\/posts\/1218609\/revisions"}],"wp:featuredmedia":[{"embeddable":true,"href":"https:\/\/www.acapulcopress.com\/index.php\/wp-json\/"}],"wp:attachment":[{"href":"https:\/\/www.acapulcopress.com\/index.php\/wp-json\/wp\/v2\/media?parent=1218609"}],"wp:term":[{"taxonomy":"category","embeddable":true,"href":"https:\/\/www.acapulcopress.com\/index.php\/wp-json\/wp\/v2\/categories?post=1218609"},{"taxonomy":"post_tag","embeddable":true,"href":"https:\/\/www.acapulcopress.com\/index.php\/wp-json\/wp\/v2\/tags?post=1218609"}],"curies":[{"name":"wp","href":"https:\/\/api.w.org\/{rel}","templated":true}]}}