{"id":1218619,"date":"2021-01-12T20:07:21","date_gmt":"2021-01-13T02:07:21","guid":{"rendered":"https:\/\/www.acapulcopress.com\/?p=1218619"},"modified":"2021-01-12T20:07:21","modified_gmt":"2021-01-13T02:07:21","slug":"amlo-esta-actuando-como-lo-mas-viejo-del-pri-opina-roberto-madrazo","status":"publish","type":"post","link":"https:\/\/www.acapulcopress.com\/index.php\/2021\/01\/12\/amlo-esta-actuando-como-lo-mas-viejo-del-pri-opina-roberto-madrazo\/","title":{"rendered":"AMLO est\u00e1 actuando \u00abcomo lo m\u00e1s viejo del PRI\u00bb, opina Roberto Madrazo"},"content":{"rendered":"<p style=\"text-align: justify;\">VILLAHERMOSA. | 12 de enero de 2021.<br \/>\n<em>] <a href=\"https:\/\/www.proceso.com.mx\/nacional\/2021\/1\/12\/roberto-madrazo-amlo-esta-actuando-como-lo-mas-viejo-del-pri-256104.html\" target=\"_blank\" rel=\"noopener\">Apro<\/a>.<\/em><\/p>\n<p style=\"text-align: justify;\">Con sesgos autoritarios y sin contrapesos, el presidente Andr\u00e9s Manuel L\u00f3pez Obrador est\u00e1 parado en la raya para convertirse \u201cen un peligro para M\u00e9xico\u201d, alert\u00f3 el exgobernador y excandidato presidencial del PRI, Roberto Madrazo Pintado.<\/p>\n<p style=\"text-align: justify;\">\u00abVeo con preocupaci\u00f3n que de repente tiene sesgos autoritarios, se queda anclado en propuestas tipo Luis Echeverr\u00eda, L\u00f3pez Portillo y no habla de cosas nuevas hacia un mundo tan distinto\u201d, dijo.<\/p>\n<p style=\"text-align: justify;\">Opin\u00f3 que le gustar\u00eda escuchar a un presidente hablando de tecnolog\u00edas y de c\u00f3mo enfrentar con los j\u00f3venes el futuro despu\u00e9s de la pandemia.<\/p>\n<p style=\"text-align: justify;\">Madrazo Pintado lament\u00f3 que su paisano no tenga contrapesos, deplor\u00f3 que el Poder Judicial y Legislativo est\u00e9n \u201centregados\u201d a su gobierno, que est\u00e9 destruyendo \u201cmuchas cosas en el pa\u00eds\u201d y advirti\u00f3 que est\u00e1 parado en la raya \u201cde convertirse en un peligro\u201d para M\u00e9xico.<\/p>\n<p style=\"text-align: justify;\">Al participar en un programa de radio local, el exgobernador (1995-2000) extern\u00f3 su preocupaci\u00f3n por el \u00abdesmantelamiento\u00bb de organismos aut\u00f3nomos y se dijo sorprendido de que nadie diga al presidente que no se puede tal cosa o dejen \u201cque se embarque en ocurrencias que no le sirven al pa\u00eds\u201d.<\/p>\n<p style=\"text-align: justify;\">Reconoci\u00f3 que L\u00f3pez Obrador es el presidente de la Rep\u00fablica m\u00e1s poderoso desde 1970, pero reprob\u00f3 que act\u00fae \u00abcomo lo m\u00e1s viejo del PRI\u00bb.<\/p>\n<p style=\"text-align: justify;\">\u00abTiene la oportunidad de construir un r\u00e9gimen diferente y est\u00e1 actuando como el viejo r\u00e9gimen, como lo m\u00e1s viejo de lo viejo del PRI: autoritario, no consulta, no permite la concurrencia de diferentes fuerzas para tomar decisiones colectivas en bien del pa\u00eds\u00bb, acus\u00f3.<\/p>\n<p style=\"text-align: justify;\">Y record\u00f3 la fallida transici\u00f3n democr\u00e1tica del panista Vicente Fox, al ocupar la presidencia de la Rep\u00fablica en el a\u00f1o 2000 y sacar al PRI del gobierno, por primera vez en la historia.<\/p>\n<p style=\"text-align: justify;\">\u201cEfectivamente, (Fox) sac\u00f3 al PRI de los Pinos, pero sac\u00f3 a M\u00e9xico del mundo y nos ca\u00edmos enormemente en muchos temas que hab\u00edamos avanzado. Un periodo perdido de transici\u00f3n para que el r\u00e9gimen pol\u00edtico fuera diferente, es lo mismo que estamos viviendo hoy en d\u00eda\u201d, se\u00f1al\u00f3.<\/p>\n<p style=\"text-align: justify;\">Por ello, pidi\u00f3 votar en las pr\u00f3ximas elecciones por opciones pol\u00edticas que hagan contrapeso al gobierno de L\u00f3pez Obrador y ayudar as\u00ed a la transici\u00f3n democr\u00e1tica.<\/p>\n<p style=\"text-align: justify;\">Respecto a Tabasco, el tambi\u00e9n excandidato presidencial del PRI lament\u00f3 que en las recientes inundaciones haya faltado empat\u00eda de L\u00f3pez Obrador con sus paisanos, al no visitar a pie zonas anegadas, metido en el agua aun con riesgo de enfermarse.<\/p>\n<p style=\"text-align: justify;\">\u00abNo hubo esa empat\u00eda de estar con la gente, de meterse con ellos, no importaba la fotograf\u00eda, eso es algo que viene de adentro y que a la gente le hace ver mucho el compromiso de la autoridad, el sentido de apoyo\u00bb, remach\u00f3.<\/p>\n","protected":false},"excerpt":{"rendered":"<p>VILLAHERMOSA. | 12 de enero de 2021. ] Apro. Con sesgos autoritarios y sin contrapesos, el presidente Andr\u00e9s Manuel L\u00f3pez Obrador est\u00e1 parado en la raya para convertirse \u201cen un peligro para M\u00e9xico\u201d, alert\u00f3 el exgobernador y excandidato presidencial del PRI, Roberto Madrazo Pintado. \u00abVeo con preocupaci\u00f3n que de repente tiene sesgos autoritarios, se queda&#8230;<\/p>\n","protected":false},"author":2,"featured_media":1218620,"comment_status":"closed","ping_status":"closed","sticky":false,"template":"","format":"standard","meta":{"footnotes":""},"categories":[1969],"tags":[3896,13297,13772,14914,15682],"class_list":["post-1218619","post","type-post","status-publish","format-standard","has-post-thumbnail","hentry","category-trending","tag-andres-manuel-lopez-obrador","tag-morena","tag-noticias-de-amlo","tag-pri","tag-roberto-madrazo-pintado"],"_links":{"self":[{"href":"https:\/\/www.acapulcopress.com\/index.php\/wp-json\/wp\/v2\/posts\/1218619","targetHints":{"allow":["GET"]}}],"collection":[{"href":"https:\/\/www.acapulcopress.com\/index.php\/wp-json\/wp\/v2\/posts"}],"about":[{"href":"https:\/\/www.acapulcopress.com\/index.php\/wp-json\/wp\/v2\/types\/post"}],"author":[{"embeddable":true,"href":"https:\/\/www.acapulcopress.com\/index.php\/wp-json\/wp\/v2\/users\/2"}],"replies":[{"embeddable":true,"href":"https:\/\/www.acapulcopress.com\/index.php\/wp-json\/wp\/v2\/comments?post=1218619"}],"version-history":[{"count":0,"href":"https:\/\/www.acapulcopress.com\/index.php\/wp-json\/wp\/v2\/posts\/1218619\/revisions"}],"wp:featuredmedia":[{"embeddable":true,"href":"https:\/\/www.acapulcopress.com\/index.php\/wp-json\/"}],"wp:attachment":[{"href":"https:\/\/www.acapulcopress.com\/index.php\/wp-json\/wp\/v2\/media?parent=1218619"}],"wp:term":[{"taxonomy":"category","embeddable":true,"href":"https:\/\/www.acapulcopress.com\/index.php\/wp-json\/wp\/v2\/categories?post=1218619"},{"taxonomy":"post_tag","embeddable":true,"href":"https:\/\/www.acapulcopress.com\/index.php\/wp-json\/wp\/v2\/tags?post=1218619"}],"curies":[{"name":"wp","href":"https:\/\/api.w.org\/{rel}","templated":true}]}}