{"id":1218625,"date":"2021-01-12T20:19:53","date_gmt":"2021-01-13T02:19:53","guid":{"rendered":"https:\/\/www.acapulcopress.com\/?p=1218625"},"modified":"2021-01-12T20:19:53","modified_gmt":"2021-01-13T02:19:53","slug":"recibio-mario-moreno-constancia-de-precandidato-del-pri-al-gobierno-de-guerrero","status":"publish","type":"post","link":"https:\/\/www.acapulcopress.com\/index.php\/2021\/01\/12\/recibio-mario-moreno-constancia-de-precandidato-del-pri-al-gobierno-de-guerrero\/","title":{"rendered":"Recibi\u00f3 Mario Moreno constancia de precandidato del PRI al Gobierno de Guerrero"},"content":{"rendered":"<p style=\"text-align: justify;\">CHILPANCINGO. | 12 de enero de 2021.<br \/>\n<em>] Especial.<\/em><\/p>\n<p style=\"text-align: justify;\">Mario Moreno Arcos recibi\u00f3 este d\u00eda la constancia que lo acredita como precandidato \u00fanico del PRI a la gubernatura de Guerrero.<\/p>\n<p style=\"text-align: justify;\">Con la presencia del Presidente del CDE del PRI, Esteban Albarr\u00e1n Mendoza y la dirigencia, el presidente de la Comisi\u00f3n de Procesos Internos encabezada por Heriberto Huicochea V\u00e1zquez, entreg\u00f3 a Mario Moreno Arcos la constancia que lo acredita como precandidato \u00fanico a la gubernatura del estado por ese instituto pol\u00edtico.<br \/>\nAnte un auditorio integrado por estructuras priistas y bajo un estricto protocolo sanitario, Moreno Arcos refrend\u00f3 su militancia ante la dirigencia, y simpatizantes del tricolor, reconociendo en primer lugar al \u201cprimer priista del Estado, nuestro amigo H\u00e9ctor Astudillo Flores quien ha gobernado Guerrero como un verdadero estadista\u201d.<\/p>\n<p style=\"text-align: justify;\">Al agradecer a su partido la oportunidad, Moreno Arcos afirm\u00f3 que las dirigencias nacional y estatal han venido trabajando muy de cerca con el priismo de Guerrero \u201cen el que reconozco el principal basti\u00f3n y fortaleza para levantarnos con el triunfo en las urnas\u201d.<\/p>\n<p style=\"text-align: justify;\">Posteriormente ya en la explanada del PRI estatal, el presidente del CDM en Chilpancingo, Joel Eugenio Flores, dio la bienvenida al precandidato y a la militancia, en un encuentro con las estructuras priistas de la capital.<\/p>\n<p style=\"text-align: justify;\">\u201cMario Moreno representa las soluciones, no las confrontaciones; la congruencia, no el oportunismo; la experiencia, no la improvisaci\u00f3n\u201d enfatiz\u00f3 tras se\u00f1alar que en el Revolucionario Institucional \u201cno hay espacio para la simulaci\u00f3n y el pesimismo; es tiempo de trabajar unidos, con entrega y compromiso para construir un buen resultado\u201d.<\/p>\n<p style=\"text-align: justify;\">Durante su participaci\u00f3n y tras destacar la trayectoria que precede a Mario Moreno Arcos, el presidente del CDE del PRI, Esteban Albarr\u00e1n, en nombre de la militancia y estructuras se\u00f1al\u00f3 \u201cestamos aqu\u00ed para mostrar el apoyo a nuestro precandidato priista a la gubernatura del estado, a nuestro amigo, Mario Moreno Arcos\u201d de quien afirm\u00f3 \u201cser\u00e1 sin ninguna duda el candidato de la coalici\u00f3n PRI-PRD, pero lo m\u00e1s importante: el gobernador de Guerrero\u201d.<\/p>\n<p style=\"text-align: justify;\">Albarr\u00e1n Mendoza reconoci\u00f3 en el ahora precandidato \u201ca un hombre con enorme compromiso social y por eso ahora el PRI le responde brind\u00e1ndole su apoyo incondicional\u201d.<\/p>\n<p style=\"text-align: justify;\">Por su parte, Mario Moreno dijo que \u201cla unidad deber\u00e1 prevalecer antes que cualquier otra cosa porque es solamente unidos como podremos ir a \u00e9sta elecci\u00f3n y ganar; su amigo Mario Moreno siempre abonar\u00e1 a la concordia, respeto y tolerancia. \u00a1Jam\u00e1s a la confrontaci\u00f3n est\u00e9ril con nadie!\u201d afirm\u00f3 rotundo.<\/p>\n<p style=\"text-align: justify;\">Visiblemente emocionado Moreno Arcos se\u00f1al\u00f3 tambi\u00e9n que trabajar\u00e1 muy de cerca con las mujeres porque \u201ctengo un enorme compromiso con este sector; un compromiso irrestricto de inclusi\u00f3n, trabajo, respeto y equidad en el que creo firmemente y fortalece este proyecto\u201d<br \/>\nMario Moreno agradeci\u00f3 a la militancia y dirigencia de su partido a quienes ofreci\u00f3 trabajar incansablemente en todos los rincones de Guerrero \u201cpara encabezar los anhelos de mis paisanas y paisanos guerrerenses\u201d.<\/p>\n<p style=\"text-align: justify;\">El hoy precandidato inform\u00f3 que durante los pr\u00f3ximos d\u00edas \u201ciremos fortaleciendo a\u00fan m\u00e1s la unidad al interior de nuestro partido iniciando un proceso con el Partido de la Revoluci\u00f3n Democr\u00e1tica para definir la candidatura de la alianza pactada, a trav\u00e9s de una encuesta\u201d.<\/p>\n<p style=\"text-align: justify;\">\u201cHay avances importantes y existe la mejor disposici\u00f3n entre ambos institutos pol\u00edticos para construir con base en la equidad\u201d finaliz\u00f3.<\/p>\n","protected":false},"excerpt":{"rendered":"<p>CHILPANCINGO. | 12 de enero de 2021. ] Especial. Mario Moreno Arcos recibi\u00f3 este d\u00eda la constancia que lo acredita como precandidato \u00fanico del PRI a la gubernatura de Guerrero. Con la presencia del Presidente del CDE del PRI, Esteban Albarr\u00e1n Mendoza y la dirigencia, el presidente de la Comisi\u00f3n de Procesos Internos encabezada por&#8230;<\/p>\n","protected":false},"author":2,"featured_media":1218626,"comment_status":"closed","ping_status":"closed","sticky":false,"template":"","format":"standard","meta":{"footnotes":""},"categories":[1972,18577],"tags":[7799,12685,14914],"class_list":["post-1218625","post","type-post","status-publish","format-standard","has-post-thumbnail","hentry","category-special","category-politica-la-foto","tag-eleccion-guerrero-2021","tag-mario-moreno-arcos","tag-pri"],"_links":{"self":[{"href":"https:\/\/www.acapulcopress.com\/index.php\/wp-json\/wp\/v2\/posts\/1218625","targetHints":{"allow":["GET"]}}],"collection":[{"href":"https:\/\/www.acapulcopress.com\/index.php\/wp-json\/wp\/v2\/posts"}],"about":[{"href":"https:\/\/www.acapulcopress.com\/index.php\/wp-json\/wp\/v2\/types\/post"}],"author":[{"embeddable":true,"href":"https:\/\/www.acapulcopress.com\/index.php\/wp-json\/wp\/v2\/users\/2"}],"replies":[{"embeddable":true,"href":"https:\/\/www.acapulcopress.com\/index.php\/wp-json\/wp\/v2\/comments?post=1218625"}],"version-history":[{"count":0,"href":"https:\/\/www.acapulcopress.com\/index.php\/wp-json\/wp\/v2\/posts\/1218625\/revisions"}],"wp:featuredmedia":[{"embeddable":true,"href":"https:\/\/www.acapulcopress.com\/index.php\/wp-json\/"}],"wp:attachment":[{"href":"https:\/\/www.acapulcopress.com\/index.php\/wp-json\/wp\/v2\/media?parent=1218625"}],"wp:term":[{"taxonomy":"category","embeddable":true,"href":"https:\/\/www.acapulcopress.com\/index.php\/wp-json\/wp\/v2\/categories?post=1218625"},{"taxonomy":"post_tag","embeddable":true,"href":"https:\/\/www.acapulcopress.com\/index.php\/wp-json\/wp\/v2\/tags?post=1218625"}],"curies":[{"name":"wp","href":"https:\/\/api.w.org\/{rel}","templated":true}]}}