{"id":1218641,"date":"2021-01-12T20:55:04","date_gmt":"2021-01-13T02:55:04","guid":{"rendered":"https:\/\/www.acapulcopress.com\/?p=1218641"},"modified":"2021-01-12T20:55:04","modified_gmt":"2021-01-13T02:55:04","slug":"primeras-vacunas-son-para-quienes-estan-atendiendo-a-pacientes-covid19-gobernador-astudillo","status":"publish","type":"post","link":"https:\/\/www.acapulcopress.com\/index.php\/2021\/01\/12\/primeras-vacunas-son-para-quienes-estan-atendiendo-a-pacientes-covid19-gobernador-astudillo\/","title":{"rendered":"Primeras vacunas son para quienes est\u00e1n atendiendo a pacientes Covid19 | Astudillo"},"content":{"rendered":"<p style=\"text-align: justify;\">ACAPULCO. | 12 de enero de 2021.<br \/>\n<em>] Gobierno de Guerrero.<\/em><\/p>\n<p style=\"text-align: justify;\">Las primeras vacunas son para quienes atienden a los enfermos de Covid-19\u201d, se\u00f1al\u00f3 el gobernador H\u00e9ctor Astudillo al puntualizar que los doctores, doctoras, enfermeras, enfermeros, camilleros y personal de primera l\u00ednea, ser\u00e1n quienes reciban de manera prioritaria la inoculaci\u00f3n. En este sentido el mandatario estatal inform\u00f3 que se espera la primera parte de las vacunas a Chilpancingo, Acapulco y Zihuatanejo y poco a poco se ir\u00e1 distribuyendose a los dem\u00e1s municipios.<\/p>\n<p style=\"text-align: justify;\">Acompa\u00f1ado por el secretario de Salud, Carlos de la Pe\u00f1a Pintos, el jefe del Ejecutivo estatal pidi\u00f3 a la poblaci\u00f3n seguir atendiendo las recomendaciones para evitar que se siga dando la propagaci\u00f3n del virus, destacando que aunque Guerrero no se encuentra en la situaci\u00f3n de emergencia que otros estados, s\u00ed hay un aumento en los n\u00fameros de contagio y que es necesario estar muy atentos.<\/p>\n<p style=\"text-align: justify;\">\u201cEstamos a la alza en lo que tiene que ver en la hospitalizaci\u00f3n y sabemos tambi\u00e9n que hay muchas personas que no van a los hospitales, consecuentemente el tema del Covid, especialmente en Guerrero, est\u00e1 a la alza y la Zona Norte sigue siendo la zona m\u00e1s r\u00e1pida en su aceleraci\u00f3n, hacia la parte dir\u00edamos elevada, entonces por eso el llamado\u201d, recalc\u00f3.<\/p>\n<p style=\"text-align: justify;\">Tambi\u00e9n pidi\u00f3 a los municipios unirse a este trabajo conjunto, dejando de lado cualquier tipo de declaraci\u00f3n y en su lugar, enfocar los esfuerzos para tratar mejorar la situaci\u00f3n que se vive. \u201cYo observo a veces muchas declaraciones, hace falta hacer m\u00e1s, m\u00e1s que declarar, esto es muy importante lo que estoy diciendo, que los municipios tambi\u00e9n hagan m\u00e1s, que adem\u00e1s de declarar hagan m\u00e1s. Mi llamado a que todos los municipios que est\u00e1n en una circunstancia dif\u00edcil hagan m\u00e1s y nosotros ayudamos, porque vemos que declaran mucho, hagan m\u00e1s. Esa es mi convocatoria para ayudarnos entre todos\u201d, a\u00f1adi\u00f3.<\/p>\n<p style=\"text-align: justify;\">Astudillo Flores pidi\u00f3 a la poblaci\u00f3n seguir con el cuidado personal y familiar, el uso del cubreboca, la sana distancia y todos los protocolos correspondientes.<\/p>\n<p style=\"text-align: justify;\"><strong>Los n\u00fameros del Covid-19<\/strong><\/p>\n<p style=\"text-align: justify;\">En su reporte diario, el secretario de Salud detall\u00f3 que a la fecha Guerrero acumula 27 mil 166 casos confirmados y 2 mil 784 defunciones, destacando que en la entidad ha habido un incremento en el n\u00famero de incidencias relacionadas con esta enfermedad. Se refiri\u00f3 al tema de Taxco, que mantiene una positividad de contagios de 69.3 y que actualmente se mantiene por arriba de Iguala.<\/p>\n<p style=\"text-align: justify;\">En este marco anunci\u00f3 que debido al n\u00famero de personas que est\u00e1n acudiendo a solicitar la aplicaci\u00f3n de la muestra para detecci\u00f3n de Covid, se pondr\u00e1n al servicio de la poblaci\u00f3n m\u00e1s m\u00f3dulos. Actualmente hay 330 pacientes hospitalizados, de los cuales 57 se encuentran en estado cr\u00edtico intubados; se mantiene un promedio de 15 defunciones por d\u00eda en lo que va del mes de enero y se registra una ocupaci\u00f3n del 51% en los hospitales<\/p>\n<p style=\"text-align: justify;\">En un comparativo, Guerrero se encuentra con un 29% en cuanto a ocupaci\u00f3n de camas con ventilador, contra el 49% de la media nacional; mientras que en hospitalizaci\u00f3n, la entidad tiene un 51% contra un 57% nacional.<\/p>\n<p style=\"text-align: justify;\">Para concluir, De la Pe\u00f1a Pintos coincidi\u00f3 en que este llamado que hace el gobernador, tiene que ver con todo el trabajo que se ha desplegado, pero tambi\u00e9n requiere la corresponsabilidad de los municipios y la ciudadan\u00eda.<\/p>\n","protected":false},"excerpt":{"rendered":"<p>ACAPULCO. | 12 de enero de 2021. ] Gobierno de Guerrero. Las primeras vacunas son para quienes atienden a los enfermos de Covid-19\u201d, se\u00f1al\u00f3 el gobernador H\u00e9ctor Astudillo al puntualizar que los doctores, doctoras, enfermeras, enfermeros, camilleros y personal de primera l\u00ednea, ser\u00e1n quienes reciban de manera prioritaria la inoculaci\u00f3n. En este sentido el mandatario&#8230;<\/p>\n","protected":false},"author":2,"featured_media":1218642,"comment_status":"closed","ping_status":"closed","sticky":false,"template":"","format":"standard","meta":{"footnotes":""},"categories":[1972,18574],"tags":[6705,6710,9302,9705,15170,16008,16242,16421,17697],"class_list":["post-1218641","post","type-post","status-publish","format-standard","has-post-thumbnail","hentry","category-special","category-gobierno-la-foto","tag-covid19","tag-covid19-carlos-de-la-pena-pintos","tag-gobierno-de-guerrero","tag-hector-astudillo-flores","tag-quedate-en-casa","tag-sana-distancia","tag-secretaria-de-salud-de-guerrero-ssg","tag-semaforo-de-riesgo-covid19","tag-uso-obligatorio-de-cubrebocas"],"_links":{"self":[{"href":"https:\/\/www.acapulcopress.com\/index.php\/wp-json\/wp\/v2\/posts\/1218641","targetHints":{"allow":["GET"]}}],"collection":[{"href":"https:\/\/www.acapulcopress.com\/index.php\/wp-json\/wp\/v2\/posts"}],"about":[{"href":"https:\/\/www.acapulcopress.com\/index.php\/wp-json\/wp\/v2\/types\/post"}],"author":[{"embeddable":true,"href":"https:\/\/www.acapulcopress.com\/index.php\/wp-json\/wp\/v2\/users\/2"}],"replies":[{"embeddable":true,"href":"https:\/\/www.acapulcopress.com\/index.php\/wp-json\/wp\/v2\/comments?post=1218641"}],"version-history":[{"count":0,"href":"https:\/\/www.acapulcopress.com\/index.php\/wp-json\/wp\/v2\/posts\/1218641\/revisions"}],"wp:featuredmedia":[{"embeddable":true,"href":"https:\/\/www.acapulcopress.com\/index.php\/wp-json\/"}],"wp:attachment":[{"href":"https:\/\/www.acapulcopress.com\/index.php\/wp-json\/wp\/v2\/media?parent=1218641"}],"wp:term":[{"taxonomy":"category","embeddable":true,"href":"https:\/\/www.acapulcopress.com\/index.php\/wp-json\/wp\/v2\/categories?post=1218641"},{"taxonomy":"post_tag","embeddable":true,"href":"https:\/\/www.acapulcopress.com\/index.php\/wp-json\/wp\/v2\/tags?post=1218641"}],"curies":[{"name":"wp","href":"https:\/\/api.w.org\/{rel}","templated":true}]}}