{"id":1218648,"date":"2021-01-12T21:10:43","date_gmt":"2021-01-13T03:10:43","guid":{"rendered":"https:\/\/www.acapulcopress.com\/?p=1218648"},"modified":"2021-01-12T21:10:43","modified_gmt":"2021-01-13T03:10:43","slug":"senador-anorve-reitera-disposicion-de-seguir-trabajando-desde-el-senado-por-el-bien-de-guerrero","status":"publish","type":"post","link":"https:\/\/www.acapulcopress.com\/index.php\/2021\/01\/12\/senador-anorve-reitera-disposicion-de-seguir-trabajando-desde-el-senado-por-el-bien-de-guerrero\/","title":{"rendered":"Senador A\u00f1orve reitera disposici\u00f3n de seguir trabajando desde el Senado por el bien de Guerrero"},"content":{"rendered":"<p style=\"text-align: justify;\">COSTA CHICA. | 12 de enero de 2021.<br \/>\n<em>] Especial.<\/em><\/p>\n<p style=\"text-align: justify;\">El Senador de la Rep\u00fablica, Manuel A\u00f1orve Ba\u00f1os, realiz\u00f3 una gira de trabajo por San Marcos, Florencio Villarreal, Cuautepec, Coapala y Marquelia, a fin de sostener encuentros de trabajo con liderazgos e integrantes de la sociedad civil de la Costa Chica.<\/p>\n<p style=\"text-align: justify;\">Dentro de sus actividades, el Senador A\u00f1orve llev\u00f3 al poblado de Las Minas, municipio de San Marcos, el Programa de Mejoramiento a las Viviendas,\u00a0 donde entreg\u00f3 laminas, en coordinaci\u00f3n con la congregaci\u00f3n <em>Mariana Trinitaria,<\/em> que tiene como fin apoyar a cientos de familias. A\u00ed lo acompa\u00f1aron Karina Palma, Bladimir L\u00f3pez, Luc\u00eda Biviano, Andr\u00e9s Salas, Ernestina G\u00f3mez, entre amigos.<\/p>\n<p style=\"text-align: justify;\">En su mensaje, A\u00f1orve Ba\u00f1os reiter\u00f3 su llamado a la poblaci\u00f3n guerrerense para mantener la fe, la esperanza y los anim\u00f3 a seguir trabajando por el bienestar de las familias guerrerenses.<\/p>\n<p style=\"text-align: justify;\">Durante sus encuentros con ganaderos, campesinos, productores, maestros, amas de casas, doctores, universitarios y m\u00e1s grupos de la sociedad civil de los municipios mencionados, el legislador federal les reiter\u00f3 su disposici\u00f3n para seguir trabajando desde el Senado por el bien de Guerrero.<\/p>\n","protected":false},"excerpt":{"rendered":"<p>COSTA CHICA. | 12 de enero de 2021. ] Especial. El Senador de la Rep\u00fablica, Manuel A\u00f1orve Ba\u00f1os, realiz\u00f3 una gira de trabajo por San Marcos, Florencio Villarreal, Cuautepec, Coapala y Marquelia, a fin de sostener encuentros de trabajo con liderazgos e integrantes de la sociedad civil de la Costa Chica. Dentro de sus actividades,&#8230;<\/p>\n","protected":false},"author":2,"featured_media":1218649,"comment_status":"closed","ping_status":"closed","sticky":false,"template":"","format":"standard","meta":{"footnotes":""},"categories":[2024,18561],"tags":[12366,15024,16472],"class_list":["post-1218648","post","type-post","status-publish","format-standard","has-post-thumbnail","hentry","category-politica-activism","category-society-politics","tag-manuel-anorve-banos","tag-programa-de-mejoramiento-a-las-viviendas","tag-senado-de-la-republica-de-mexico"],"_links":{"self":[{"href":"https:\/\/www.acapulcopress.com\/index.php\/wp-json\/wp\/v2\/posts\/1218648","targetHints":{"allow":["GET"]}}],"collection":[{"href":"https:\/\/www.acapulcopress.com\/index.php\/wp-json\/wp\/v2\/posts"}],"about":[{"href":"https:\/\/www.acapulcopress.com\/index.php\/wp-json\/wp\/v2\/types\/post"}],"author":[{"embeddable":true,"href":"https:\/\/www.acapulcopress.com\/index.php\/wp-json\/wp\/v2\/users\/2"}],"replies":[{"embeddable":true,"href":"https:\/\/www.acapulcopress.com\/index.php\/wp-json\/wp\/v2\/comments?post=1218648"}],"version-history":[{"count":0,"href":"https:\/\/www.acapulcopress.com\/index.php\/wp-json\/wp\/v2\/posts\/1218648\/revisions"}],"wp:featuredmedia":[{"embeddable":true,"href":"https:\/\/www.acapulcopress.com\/index.php\/wp-json\/"}],"wp:attachment":[{"href":"https:\/\/www.acapulcopress.com\/index.php\/wp-json\/wp\/v2\/media?parent=1218648"}],"wp:term":[{"taxonomy":"category","embeddable":true,"href":"https:\/\/www.acapulcopress.com\/index.php\/wp-json\/wp\/v2\/categories?post=1218648"},{"taxonomy":"post_tag","embeddable":true,"href":"https:\/\/www.acapulcopress.com\/index.php\/wp-json\/wp\/v2\/tags?post=1218648"}],"curies":[{"name":"wp","href":"https:\/\/api.w.org\/{rel}","templated":true}]}}