{"id":1218666,"date":"2021-01-12T12:03:56","date_gmt":"2021-01-12T18:03:56","guid":{"rendered":"https:\/\/www.acapulcopress.com\/?p=1218666"},"modified":"2021-01-12T12:03:56","modified_gmt":"2021-01-12T18:03:56","slug":"aguilas-uagro-refrena-compromiso-de-impulsar-educacion-a-traves-de-la-practica-deportiva","status":"publish","type":"post","link":"https:\/\/www.acapulcopress.com\/index.php\/2021\/01\/12\/aguilas-uagro-refrena-compromiso-de-impulsar-educacion-a-traves-de-la-practica-deportiva\/","title":{"rendered":"\u00c1guilas UAGro refrena compromiso de impulsar educaci\u00f3n a trav\u00e9s de la pr\u00e1ctica deportiva"},"content":{"rendered":"<p style=\"text-align: justify;\">CHILPANCINGO. | 12 de enero de 2021.<br \/>\n<em>] UAGro.<\/em><\/p>\n<p style=\"text-align: justify;\">Como parte de los objetivos del Rectorado 2018-2021 del Dr. Javier Salda\u00f1a, e l Club Deportivo \u00c1guilas UAGro refrend\u00f3 su compromiso de impulsar la educaci\u00f3n a trav\u00e9s de la pr\u00e1ctica deportiva en los j\u00f3venes guerrerenses para este a\u00f1o 2021.<\/p>\n<p style=\"text-align: justify;\">\u00abEn \u00c1guilas UAGro, como todo Club de F\u00fatbol Profesional, reiteramos nuestra apertura a las dem\u00e1s categor\u00edas que conforman esta gran instituci\u00f3n, tanto equipos representativos y de la rama femenil, porque <em>#TodosSomos\u00c1guilasUAGro<\/em> y siempre <em>#OrgullosamenteUAGro<\/em> UAGro Universidad Aut\u00f3noma de Guerrero\u00bb, manifest\u00f3 el Rector Salda\u00f1a.<\/p>\n","protected":false},"excerpt":{"rendered":"<p>CHILPANCINGO. | 12 de enero de 2021. ] UAGro. Como parte de los objetivos del Rectorado 2018-2021 del Dr. Javier Salda\u00f1a, e l Club Deportivo \u00c1guilas UAGro refrend\u00f3 su compromiso de impulsar la educaci\u00f3n a trav\u00e9s de la pr\u00e1ctica deportiva en los j\u00f3venes guerrerenses para este a\u00f1o 2021. \u00abEn \u00c1guilas UAGro, como todo Club de&#8230;<\/p>\n","protected":false},"author":2,"featured_media":1218667,"comment_status":"closed","ping_status":"closed","sticky":false,"template":"","format":"standard","meta":{"footnotes":""},"categories":[18561,2016],"tags":[2883,3399,7467,13828],"class_list":["post-1218666","post","type-post","status-publish","format-standard","has-post-thumbnail","hentry","category-society-politics","category-uagro-society-politics","tag-todossomosaguilasuagro","tag-aguilas-uagro","tag-dr-javier-saldana-almazan","tag-o-universidad-autonoma-de-guerrero-uagro"],"_links":{"self":[{"href":"https:\/\/www.acapulcopress.com\/index.php\/wp-json\/wp\/v2\/posts\/1218666","targetHints":{"allow":["GET"]}}],"collection":[{"href":"https:\/\/www.acapulcopress.com\/index.php\/wp-json\/wp\/v2\/posts"}],"about":[{"href":"https:\/\/www.acapulcopress.com\/index.php\/wp-json\/wp\/v2\/types\/post"}],"author":[{"embeddable":true,"href":"https:\/\/www.acapulcopress.com\/index.php\/wp-json\/wp\/v2\/users\/2"}],"replies":[{"embeddable":true,"href":"https:\/\/www.acapulcopress.com\/index.php\/wp-json\/wp\/v2\/comments?post=1218666"}],"version-history":[{"count":0,"href":"https:\/\/www.acapulcopress.com\/index.php\/wp-json\/wp\/v2\/posts\/1218666\/revisions"}],"wp:featuredmedia":[{"embeddable":true,"href":"https:\/\/www.acapulcopress.com\/index.php\/wp-json\/"}],"wp:attachment":[{"href":"https:\/\/www.acapulcopress.com\/index.php\/wp-json\/wp\/v2\/media?parent=1218666"}],"wp:term":[{"taxonomy":"category","embeddable":true,"href":"https:\/\/www.acapulcopress.com\/index.php\/wp-json\/wp\/v2\/categories?post=1218666"},{"taxonomy":"post_tag","embeddable":true,"href":"https:\/\/www.acapulcopress.com\/index.php\/wp-json\/wp\/v2\/tags?post=1218666"}],"curies":[{"name":"wp","href":"https:\/\/api.w.org\/{rel}","templated":true}]}}