{"id":1218674,"date":"2021-01-12T11:21:18","date_gmt":"2021-01-12T17:21:18","guid":{"rendered":"https:\/\/www.acapulcopress.com\/?p=1218674"},"modified":"2021-01-12T11:21:18","modified_gmt":"2021-01-12T17:21:18","slug":"uagro-miembro-del-comite-del-congreso-mundial-de-universidades","status":"publish","type":"post","link":"https:\/\/www.acapulcopress.com\/index.php\/2021\/01\/12\/uagro-miembro-del-comite-del-congreso-mundial-de-universidades\/","title":{"rendered":"UAGro, miembro del comit\u00e9 del Congreso Mundial de Universidades"},"content":{"rendered":"<p>CHILPANCINGO. | 12 de enero de 2021.<br \/>\n] UAGro.<\/p>\n<p style=\"text-align: justify;\">A partir de ahora la <em>UAGro<\/em> Universidad Aut\u00f3noma de Guerrero forma parte del comit\u00e9 gestor y acad\u00e9mico del Congreso Mundial de Universidades con sede en Estados Unidos, inform\u00f3 el Rector Javier Salda\u00f1a Almaz\u00e1n.<\/p>\n<p style=\"text-align: justify;\">UAGro est\u00e1 representada por el Dr. Fernando Ag\u00fcero Mancilla como encargado de trabajar en la parte acad\u00e9mica de Formaci\u00f3n Contin\u00faa. Gracias a esto la #UAGro seguir\u00e1 sobresaliendo a nivel internacional, destacando en la labor acad\u00e9mica, cient\u00edfica y de investigaci\u00f3n que realiza nuestra comunidad universitaria, manifest\u00f3 Salda\u00f1a.<\/p>\n","protected":false},"excerpt":{"rendered":"<p>CHILPANCINGO. | 12 de enero de 2021. ] UAGro. A partir de ahora la UAGro Universidad Aut\u00f3noma de Guerrero forma parte del comit\u00e9 gestor y acad\u00e9mico del Congreso Mundial de Universidades con sede en Estados Unidos, inform\u00f3 el Rector Javier Salda\u00f1a Almaz\u00e1n. UAGro est\u00e1 representada por el Dr. Fernando Ag\u00fcero Mancilla como encargado de trabajar&#8230;<\/p>\n","protected":false},"author":2,"featured_media":1218675,"comment_status":"closed","ping_status":"closed","sticky":false,"template":"","format":"standard","meta":{"footnotes":""},"categories":[18561,2016],"tags":[6394,6705,8518,10644,17463,17610],"class_list":["post-1218674","post","type-post","status-publish","format-standard","has-post-thumbnail","hentry","category-society-politics","category-uagro-society-politics","tag-congreso-mundial-de-universidades","tag-covid19","tag-fernando-aguero-mancilla","tag-javier-saldana-almazan","tag-uagro","tag-universidad-autonoma-de-guerrero-uagro"],"_links":{"self":[{"href":"https:\/\/www.acapulcopress.com\/index.php\/wp-json\/wp\/v2\/posts\/1218674","targetHints":{"allow":["GET"]}}],"collection":[{"href":"https:\/\/www.acapulcopress.com\/index.php\/wp-json\/wp\/v2\/posts"}],"about":[{"href":"https:\/\/www.acapulcopress.com\/index.php\/wp-json\/wp\/v2\/types\/post"}],"author":[{"embeddable":true,"href":"https:\/\/www.acapulcopress.com\/index.php\/wp-json\/wp\/v2\/users\/2"}],"replies":[{"embeddable":true,"href":"https:\/\/www.acapulcopress.com\/index.php\/wp-json\/wp\/v2\/comments?post=1218674"}],"version-history":[{"count":0,"href":"https:\/\/www.acapulcopress.com\/index.php\/wp-json\/wp\/v2\/posts\/1218674\/revisions"}],"wp:featuredmedia":[{"embeddable":true,"href":"https:\/\/www.acapulcopress.com\/index.php\/wp-json\/"}],"wp:attachment":[{"href":"https:\/\/www.acapulcopress.com\/index.php\/wp-json\/wp\/v2\/media?parent=1218674"}],"wp:term":[{"taxonomy":"category","embeddable":true,"href":"https:\/\/www.acapulcopress.com\/index.php\/wp-json\/wp\/v2\/categories?post=1218674"},{"taxonomy":"post_tag","embeddable":true,"href":"https:\/\/www.acapulcopress.com\/index.php\/wp-json\/wp\/v2\/tags?post=1218674"}],"curies":[{"name":"wp","href":"https:\/\/api.w.org\/{rel}","templated":true}]}}