{"id":1218682,"date":"2021-01-11T22:49:09","date_gmt":"2021-01-12T04:49:09","guid":{"rendered":"https:\/\/www.acapulcopress.com\/?p=1218682"},"modified":"2021-01-11T22:49:09","modified_gmt":"2021-01-12T04:49:09","slug":"ex-jugadora-de-aguilas-uagro-femenil-ficha-con-xolos-de-tijuana","status":"publish","type":"post","link":"https:\/\/www.acapulcopress.com\/index.php\/2021\/01\/11\/ex-jugadora-de-aguilas-uagro-femenil-ficha-con-xolos-de-tijuana\/","title":{"rendered":"Ex jugadora de \u00c1guilas UAGro femenil ficha con Xolos de Tijuana"},"content":{"rendered":"<p style=\"text-align: justify;\">CHILPANCINGO. | 11 de enero de 2021.<br \/>\n] UAGro.<\/p>\n<p style=\"text-align: justify;\"><img loading=\"lazy\" decoding=\"async\" class=\"alignleft size-medium wp-image-1218685\" src=\"https:\/\/www.acapulco.press\/wp-content\/uploads\/2021\/01\/Jazmin-Piza-375x471.jpg\" alt=\"\" width=\"375\" height=\"471\" \/>El Rector de UAGro, Javier Salda\u00f1a Almaz\u00e1n, inform\u00f3, con \u00abmucho gusto la noticia de que Jazm\u00edn Piza Delgado, ex jugadora del equipo femenil \u00c1guilas UAGro, firm\u00f3 con el Club Xolos de Tijuana, con quienes iniciar\u00e1 el Torneo #Guard1anes de la Liga BBVA en la 1ra Divisi\u00f3n del F\u00fatbol Femenil Mexicano\u00bb.<\/p>\n<p>\u00abJazm\u00edn es un #OrgulloUAGro y ejemplo a seguir para nuestros estudiantes\u00bb, destac\u00f3 el Rector universitario.<\/p>\n<p><em>\u00a1Enhorabuena!<\/em><\/p>\n","protected":false},"excerpt":{"rendered":"<p>CHILPANCINGO. | 11 de enero de 2021. ] UAGro. El Rector de UAGro, Javier Salda\u00f1a Almaz\u00e1n, inform\u00f3, con \u00abmucho gusto la noticia de que Jazm\u00edn Piza Delgado, ex jugadora del equipo femenil \u00c1guilas UAGro, firm\u00f3 con el Club Xolos de Tijuana, con quienes iniciar\u00e1 el Torneo #Guard1anes de la Liga BBVA en la 1ra Divisi\u00f3n&#8230;<\/p>\n","protected":false},"author":2,"featured_media":1218683,"comment_status":"closed","ping_status":"closed","sticky":false,"template":"","format":"standard","meta":{"footnotes":""},"categories":[18561,2016],"tags":[3400,6705,10644,10654,17463,17610,18169],"class_list":["post-1218682","post","type-post","status-publish","format-standard","has-post-thumbnail","hentry","category-society-politics","category-uagro-society-politics","tag-aguilas-uagro-femenil","tag-covid19","tag-javier-saldana-almazan","tag-jazmin-piza-delgado","tag-uagro","tag-universidad-autonoma-de-guerrero-uagro","tag-xolos-de-tijuana"],"_links":{"self":[{"href":"https:\/\/www.acapulcopress.com\/index.php\/wp-json\/wp\/v2\/posts\/1218682","targetHints":{"allow":["GET"]}}],"collection":[{"href":"https:\/\/www.acapulcopress.com\/index.php\/wp-json\/wp\/v2\/posts"}],"about":[{"href":"https:\/\/www.acapulcopress.com\/index.php\/wp-json\/wp\/v2\/types\/post"}],"author":[{"embeddable":true,"href":"https:\/\/www.acapulcopress.com\/index.php\/wp-json\/wp\/v2\/users\/2"}],"replies":[{"embeddable":true,"href":"https:\/\/www.acapulcopress.com\/index.php\/wp-json\/wp\/v2\/comments?post=1218682"}],"version-history":[{"count":0,"href":"https:\/\/www.acapulcopress.com\/index.php\/wp-json\/wp\/v2\/posts\/1218682\/revisions"}],"wp:featuredmedia":[{"embeddable":true,"href":"https:\/\/www.acapulcopress.com\/index.php\/wp-json\/"}],"wp:attachment":[{"href":"https:\/\/www.acapulcopress.com\/index.php\/wp-json\/wp\/v2\/media?parent=1218682"}],"wp:term":[{"taxonomy":"category","embeddable":true,"href":"https:\/\/www.acapulcopress.com\/index.php\/wp-json\/wp\/v2\/categories?post=1218682"},{"taxonomy":"post_tag","embeddable":true,"href":"https:\/\/www.acapulcopress.com\/index.php\/wp-json\/wp\/v2\/tags?post=1218682"}],"curies":[{"name":"wp","href":"https:\/\/api.w.org\/{rel}","templated":true}]}}