{"id":1218690,"date":"2021-01-12T23:24:29","date_gmt":"2021-01-13T05:24:29","guid":{"rendered":"https:\/\/www.acapulcopress.com\/?p=1218690"},"modified":"2021-01-12T23:24:29","modified_gmt":"2021-01-13T05:24:29","slug":"me-caracterizo-por-ser-una-guerrera-en-cada-competencia-zulema-ibanez","status":"publish","type":"post","link":"https:\/\/www.acapulcopress.com\/index.php\/2021\/01\/12\/me-caracterizo-por-ser-una-guerrera-en-cada-competencia-zulema-ibanez\/","title":{"rendered":"Me caracterizo por ser una guerrera en cada competencia | Zulema Ib\u00e1\u00f1ez"},"content":{"rendered":"<p style=\"text-align: justify;\">CIUDAD DE M\u00c9XICO. | 12 de enero de 2021.<br \/>\n] Conade.<\/p>\n<p style=\"text-align: justify;\">La medallista de oro en el <em>taekwondo poomsae<\/em> de los Juegos Panamericanos Lima 2019, Ana Zulema Ib\u00e1\u00f1ez Ram\u00edrez, de 21 a\u00f1os, se prepara para enfrentar su segunda cita en los Juegos Mundiales Universitarios 2021, con el objetivo de subir una vez m\u00e1s al podio de honor y as\u00ed superar el bronce que consigui\u00f3 hace dos a\u00f1os en Italia, esto en parejas mixtas estilo libre.<\/p>\n<p style=\"text-align: justify;\">Comparte a la Comisi\u00f3n Nacional de Cultura F\u00edsica y Deporte (Conade), que su actitud se ha renovado y ha aumentado para este 2021 y dispuesta a encarar sus siguientes retos, uno de ellos, la <em>Universiada<\/em>.<\/p>\n<p style=\"text-align: justify;\">\u201cSe realizar\u00e1 en agosto para el taekwondo y ser\u00e1 en China, pero estamos a la expectativa de qu\u00e9 es lo que van a decidir, si ser\u00e1 virtual como el Mundial o presencial\u201d, explic\u00f3 la mexiquense.<\/p>\n","protected":false},"excerpt":{"rendered":"<p>CIUDAD DE M\u00c9XICO. | 12 de enero de 2021. ] Conade. La medallista de oro en el taekwondo poomsae de los Juegos Panamericanos Lima 2019, Ana Zulema Ib\u00e1\u00f1ez Ram\u00edrez, de 21 a\u00f1os, se prepara para enfrentar su segunda cita en los Juegos Mundiales Universitarios 2021, con el objetivo de subir una vez m\u00e1s al podio&#8230;<\/p>\n","protected":false},"author":2,"featured_media":1218691,"comment_status":"closed","ping_status":"closed","sticky":false,"template":"","format":"standard","meta":{"footnotes":""},"categories":[1988,18566],"tags":[3859,6169,16972],"class_list":["post-1218690","post","type-post","status-publish","format-standard","has-post-thumbnail","hentry","category-lifestyles","category-sports-lifestyles","tag-ana-zulema-ibanez-ramirez","tag-comision-nacional-de-cultura-fisica-y-deporte-conade","tag-taekwondo-poomsae"],"_links":{"self":[{"href":"https:\/\/www.acapulcopress.com\/index.php\/wp-json\/wp\/v2\/posts\/1218690","targetHints":{"allow":["GET"]}}],"collection":[{"href":"https:\/\/www.acapulcopress.com\/index.php\/wp-json\/wp\/v2\/posts"}],"about":[{"href":"https:\/\/www.acapulcopress.com\/index.php\/wp-json\/wp\/v2\/types\/post"}],"author":[{"embeddable":true,"href":"https:\/\/www.acapulcopress.com\/index.php\/wp-json\/wp\/v2\/users\/2"}],"replies":[{"embeddable":true,"href":"https:\/\/www.acapulcopress.com\/index.php\/wp-json\/wp\/v2\/comments?post=1218690"}],"version-history":[{"count":0,"href":"https:\/\/www.acapulcopress.com\/index.php\/wp-json\/wp\/v2\/posts\/1218690\/revisions"}],"wp:featuredmedia":[{"embeddable":true,"href":"https:\/\/www.acapulcopress.com\/index.php\/wp-json\/"}],"wp:attachment":[{"href":"https:\/\/www.acapulcopress.com\/index.php\/wp-json\/wp\/v2\/media?parent=1218690"}],"wp:term":[{"taxonomy":"category","embeddable":true,"href":"https:\/\/www.acapulcopress.com\/index.php\/wp-json\/wp\/v2\/categories?post=1218690"},{"taxonomy":"post_tag","embeddable":true,"href":"https:\/\/www.acapulcopress.com\/index.php\/wp-json\/wp\/v2\/tags?post=1218690"}],"curies":[{"name":"wp","href":"https:\/\/api.w.org\/{rel}","templated":true}]}}