{"id":1218704,"date":"2021-01-13T17:53:02","date_gmt":"2021-01-13T23:53:02","guid":{"rendered":"https:\/\/www.acapulcopress.com\/?p=1218704"},"modified":"2021-01-13T17:53:02","modified_gmt":"2021-01-13T23:53:02","slug":"anorve-no-se-va-del-pri-ni-a-otra-coalicion","status":"publish","type":"post","link":"https:\/\/www.acapulcopress.com\/index.php\/2021\/01\/13\/anorve-no-se-va-del-pri-ni-a-otra-coalicion\/","title":{"rendered":"A\u00f1orve no se va del PRI ni a otra coalici\u00f3n"},"content":{"rendered":"<p style=\"text-align: justify;\"><strong>\u00bb\u00a0 \u00c1ngel Blanco.<\/strong><br \/>\nCIUDAD DE M\u00c9XICO. | 13 de enero de 2021.<br \/>\n<em>] Acapulco Press.<\/em><\/p>\n<p style=\"text-align: justify;\">El Senador Manuel A\u00f1orve Ba\u00f1os dej\u00f3 claro que es un pol\u00edtico de una sola pieza, de convicciones firmes y de palabra, por ende, tras del proceso interno de su partido para elegir candidato a la Gubernatura de Guerrero y las suspicacias que han girado en torno a su persona tras no salir nominado, emiti\u00f3 un comunicado oficial donde manifiesta que no abandonar\u00e1 al PRI ni enarbolar\u00e1 otra coalici\u00f3n partidista, pero en el momento oportuno manifestar\u00e1 su punto de vista en torno a lo ocurrido en su partido.<\/p>\n<p style=\"text-align: justify;\">Al dirigirse a los los guerrerenses, al priismo estatal y a todos aquellos que le han manifestado su apoyo, expres\u00f3 que \u00abdesde los d\u00edas previos a la designaci\u00f3n de la candidatura del PRI al Gobierno de Guerrero hasta hoy, he visto con atenci\u00f3n y detenimiento las m\u00faltiples reacciones y comentarios sobre el desarrollo del proceso interno y las decisiones tomadas al respecto, an\u00e1lisis donde se plantean escenarios inmediatos y futuros del PRI, y otros m\u00e1s sobre la contienda electoral de este a\u00f1o, el papel que tendr\u00e1n las alianzas y, sobre todo, lo que se ha dicho y escrito sobre mi persona\u00bb.<\/p>\n<p style=\"text-align: justify;\">\u00abAl respecto, quienes me conocen saben que soy hombre de una sola pieza, un pol\u00edtico serio y de palabra que <img loading=\"lazy\" decoding=\"async\" class=\"alignleft size-medium wp-image-1218706\" src=\"https:\/\/www.acapulco.press\/wp-content\/uploads\/2021\/01\/MANUEL-ANORVE-1-375x562.jpg\" alt=\"\" width=\"375\" height=\"562\" \/>promueve el di\u00e1logo, el entendimiento y los acuerdos. Para mi, la pol\u00edtica es una cuesti\u00f3n de fondo y forma, por eso, a la luz de los recientes acontecimientos, por el momento no tengo nada qu\u00e9 decir, pero m\u00e1s adelante, cuando considere importante y oportuno, fijar\u00e9 postura, decisiones y rumbo al interior del instituto pol\u00edtico donde he militado toda mi vida\u00bb.<\/p>\n<p style=\"text-align: justify;\">Y para que nadie se confunda, A\u00f1orve Ba\u00f1os consider\u00f3 importante manifestar lo siguiente: \u00abmi estancia en mi partido no est\u00e1 a discusi\u00f3n, pero usar\u00e9 mis derechos como priista para manifestar lo que pienso, y lo expresar\u00e9 de manera respetuosa pero puntual\u00bb.<\/p>\n<p style=\"text-align: justify;\">Mientras tanto, el pol\u00edtico guerrerense advierte que por ahora, tal como lo ha hecho a lo largo de estos dos a\u00f1os como Senador de la Rep\u00fablica, \u00absigo enfocado en mi trabajo social y legislativo porque son una responsabilidad adquirida con m\u00e1s de 367 mil guerrerenses que me dieron la confianza en 2018\u00bb, a los que no piensa desatender.<\/p>\n<p style=\"text-align: justify;\">\u00abHoy en d\u00eda, mi trabajo en el Senado de la Rep\u00fablica habla con mayor fuerza que mis acciones y palabras\u00bb, remach\u00f3.<\/p>\n<p style=\"text-align: justify;\">Manuel A\u00f1orve contin\u00faa en su comunicado que \u00absi bien mi prioridad es la descrita, estoy consciente que en pol\u00edtica nunca nada puede descartarse, y no hay nada escrito de manera definitiva, sin embargo, lo que es una realidad es lo que he se\u00f1alado: mi compromiso y lealtad hacia mi partido est\u00e1n intactos; al respecto, he platicado mucho con mi familia, mi equipo y con los miles de guerrerenses que me han acompa\u00f1ado a lo largo de mi trayectoria. He tenido propuestas de otros institutos, pero yo s\u00e9 lo que soy y la confianza de la gente me dice de una u otra forma lo que represento\u00bb.<\/p>\n<p style=\"text-align: justify;\">\u00abEstoy firme en convicciones; de momento, lo \u00fanico seguro es que seguir\u00e9 recorriendo el Estado, seguir\u00e9 escuchando las voces de todas y todos los guerrerenses en un ejercicio plural y de inclusi\u00f3n, porque solo as\u00ed es como he podido representarlos de la mejor manera posible\u00bb, concluye el escrito del Senador guerrerense Manuel A\u00f1orve Ba\u00f1os.<br \/>\nwww.<strong>acapulcopress.<\/strong>com<\/p>\n","protected":false},"excerpt":{"rendered":"<p>\u00bb\u00a0 \u00c1ngel Blanco. CIUDAD DE M\u00c9XICO. | 13 de enero de 2021. ] Acapulco Press. El Senador Manuel A\u00f1orve Ba\u00f1os dej\u00f3 claro que es un pol\u00edtico de una sola pieza, de convicciones firmes y de palabra, por ende, tras del proceso interno de su partido para elegir candidato a la Gubernatura de Guerrero y las&#8230;<\/p>\n","protected":false},"author":2,"featured_media":1218705,"comment_status":"closed","ping_status":"closed","sticky":false,"template":"","format":"standard","meta":{"footnotes":""},"categories":[1997],"tags":[9542,12366,14302,14304],"class_list":["post-1218704","post","type-post","status-publish","format-standard","has-post-thumbnail","hentry","category-noticias-destacadas","tag-gubernatura-de-guerrero","tag-manuel-anorve-banos","tag-partido-revolucioa","tag-partido-revolucionario-institucional-pri"],"_links":{"self":[{"href":"https:\/\/www.acapulcopress.com\/index.php\/wp-json\/wp\/v2\/posts\/1218704","targetHints":{"allow":["GET"]}}],"collection":[{"href":"https:\/\/www.acapulcopress.com\/index.php\/wp-json\/wp\/v2\/posts"}],"about":[{"href":"https:\/\/www.acapulcopress.com\/index.php\/wp-json\/wp\/v2\/types\/post"}],"author":[{"embeddable":true,"href":"https:\/\/www.acapulcopress.com\/index.php\/wp-json\/wp\/v2\/users\/2"}],"replies":[{"embeddable":true,"href":"https:\/\/www.acapulcopress.com\/index.php\/wp-json\/wp\/v2\/comments?post=1218704"}],"version-history":[{"count":0,"href":"https:\/\/www.acapulcopress.com\/index.php\/wp-json\/wp\/v2\/posts\/1218704\/revisions"}],"wp:featuredmedia":[{"embeddable":true,"href":"https:\/\/www.acapulcopress.com\/index.php\/wp-json\/"}],"wp:attachment":[{"href":"https:\/\/www.acapulcopress.com\/index.php\/wp-json\/wp\/v2\/media?parent=1218704"}],"wp:term":[{"taxonomy":"category","embeddable":true,"href":"https:\/\/www.acapulcopress.com\/index.php\/wp-json\/wp\/v2\/categories?post=1218704"},{"taxonomy":"post_tag","embeddable":true,"href":"https:\/\/www.acapulcopress.com\/index.php\/wp-json\/wp\/v2\/tags?post=1218704"}],"curies":[{"name":"wp","href":"https:\/\/api.w.org\/{rel}","templated":true}]}}