{"id":1218717,"date":"2021-01-13T18:20:29","date_gmt":"2021-01-14T00:20:29","guid":{"rendered":"https:\/\/www.acapulcopress.com\/?p=1218717"},"modified":"2021-01-13T18:20:29","modified_gmt":"2021-01-14T00:20:29","slug":"pvem-y-pt-buscan-reactivar-alianza-con-morena-encabeza-felix-reunion-de-acuerdos","status":"publish","type":"post","link":"https:\/\/www.acapulcopress.com\/index.php\/2021\/01\/13\/pvem-y-pt-buscan-reactivar-alianza-con-morena-encabeza-felix-reunion-de-acuerdos\/","title":{"rendered":"PVEM y PT buscan reactivar alianza con Morena; encabeza F\u00e9lix reuni\u00f3n de acuerdos"},"content":{"rendered":"<p style=\"text-align: justify;\">ACAPULCO. | 13 de enero de 2021.<br \/>\n<em>] Especial.<\/em><br \/>\nLos representantes de los partidos Verde Ecologista de M\u00e9xico (PVEM), del Trabajo (PT) y Morena, se reunieron con el coordinador en Guerrero de la Cuarta Transformaci\u00f3n, F\u00e9lix Salgado Macedonio, para tratar de reactivar la alianza que ten\u00edan para la gubernatura y poner en marcha la que tienen a nivel federal para las diputaciones federales.<\/p>\n<p style=\"text-align: justify;\"><img loading=\"lazy\" decoding=\"async\" class=\"alignleft size-medium wp-image-1218718\" src=\"https:\/\/www.acapulco.press\/wp-content\/uploads\/2021\/01\/PT-PVEM-MORENA-COALICION-375x187.jpg\" alt=\"\" width=\"375\" height=\"187\" \/>El secretario general de Morena en funciones de presidente, Marcial Rodr\u00edguez Salda\u00f1a, inform\u00f3 que hoy se reunieron los representantes del Verde, Marco Antonio de la Mora y Alejandro Carabias Icaza; del PT, Victoriano Wences Real, y \u00e9l por Morena.<\/p>\n<p>Salgado Macedonio coordin\u00f3 el encuentro.<\/p>\n<p style=\"text-align: justify;\">El dirigente morenista record\u00f3 que a nivel federal hay una alianza entre los tres partidos y en Guerrero hay nueve distritos federales en los que pueden ir juntos.<\/p>\n<p style=\"text-align: justify;\">Adem\u00e1s, se trata de \u201cabrir la posibilidad de retomar la alianza para la gubernatura del estado. En el caso de Morena tenemos un acuerdo con Consejo Nacional que la alianza en Guerrero se tendr\u00eda que consultar entre los \u00f3rganos nacionales y estatales\u201d, dijo Rodr\u00edguez Salda\u00f1a, quien\u00a0 expres\u00f3 que \u201chay voluntad pol\u00edtica de los tres partidos para ir en alianza por la gubernatura, por eso estuvo presente el coordinador estatal de organizaci\u00f3n, F\u00e9lix Salgado con los dirigentes de los tres partidos\u201d.<\/p>\n<p style=\"text-align: justify;\">Rodr\u00edguez Salda\u00f1a detall\u00f3 que un d\u00eda antes al encuentro se reuni\u00f3 con los representantes de los tres partidos y hoy ya se llev\u00f3 a cabo el encuentro con el coordinador de organizaci\u00f3n y virtual candidato de Morena.\u00a0\u201cEs retomar lo que a nivel nacional ya se hizo, aplicarlo aqu\u00ed en el estado en lo federal, y reactivar la alianza en la gubernatura\u201d, concluy\u00f3.<\/p>\n","protected":false},"excerpt":{"rendered":"<p>ACAPULCO. | 13 de enero de 2021. ] Especial. Los representantes de los partidos Verde Ecologista de M\u00e9xico (PVEM), del Trabajo (PT) y Morena, se reunieron con el coordinador en Guerrero de la Cuarta Transformaci\u00f3n, F\u00e9lix Salgado Macedonio, para tratar de reactivar la alianza que ten\u00edan para la gubernatura y poner en marcha la que&#8230;<\/p>\n","protected":false},"author":2,"featured_media":1218719,"comment_status":"closed","ping_status":"closed","sticky":false,"template":"","format":"standard","meta":{"footnotes":""},"categories":[1969],"tags":[3526,12457,14311,14312,17893],"class_list":["post-1218717","post","type-post","status-publish","format-standard","has-post-thumbnail","hentry","category-trending","tag-alejandro-carabias-icaza","tag-marcial-rodriguez-saldana","tag-partido-verde-ecologista-de-mexico-pvem","tag-partidodel-trabajo-pt","tag-victoriano-wences-real"],"_links":{"self":[{"href":"https:\/\/www.acapulcopress.com\/index.php\/wp-json\/wp\/v2\/posts\/1218717","targetHints":{"allow":["GET"]}}],"collection":[{"href":"https:\/\/www.acapulcopress.com\/index.php\/wp-json\/wp\/v2\/posts"}],"about":[{"href":"https:\/\/www.acapulcopress.com\/index.php\/wp-json\/wp\/v2\/types\/post"}],"author":[{"embeddable":true,"href":"https:\/\/www.acapulcopress.com\/index.php\/wp-json\/wp\/v2\/users\/2"}],"replies":[{"embeddable":true,"href":"https:\/\/www.acapulcopress.com\/index.php\/wp-json\/wp\/v2\/comments?post=1218717"}],"version-history":[{"count":0,"href":"https:\/\/www.acapulcopress.com\/index.php\/wp-json\/wp\/v2\/posts\/1218717\/revisions"}],"wp:featuredmedia":[{"embeddable":true,"href":"https:\/\/www.acapulcopress.com\/index.php\/wp-json\/"}],"wp:attachment":[{"href":"https:\/\/www.acapulcopress.com\/index.php\/wp-json\/wp\/v2\/media?parent=1218717"}],"wp:term":[{"taxonomy":"category","embeddable":true,"href":"https:\/\/www.acapulcopress.com\/index.php\/wp-json\/wp\/v2\/categories?post=1218717"},{"taxonomy":"post_tag","embeddable":true,"href":"https:\/\/www.acapulcopress.com\/index.php\/wp-json\/wp\/v2\/tags?post=1218717"}],"curies":[{"name":"wp","href":"https:\/\/api.w.org\/{rel}","templated":true}]}}