{"id":1218726,"date":"2021-01-13T18:42:02","date_gmt":"2021-01-14T00:42:02","guid":{"rendered":"https:\/\/www.acapulcopress.com\/?p=1218726"},"modified":"2021-01-13T18:42:02","modified_gmt":"2021-01-14T00:42:02","slug":"pablo-amilcar-impugna-ante-trife-candidatura-de-felix-salgado","status":"publish","type":"post","link":"https:\/\/www.acapulcopress.com\/index.php\/2021\/01\/13\/pablo-amilcar-impugna-ante-trife-candidatura-de-felix-salgado\/","title":{"rendered":"Pablo Amilcar impugna ante Trife candidatura de F\u00e9lix Salgado"},"content":{"rendered":"<p style=\"text-align: justify;\">CHILPANCINGO. | 13 de enero de 2021.<br \/>\n<em>] Especial.<\/em><br \/>\nEl exdelegado del Gobierno Federal, Pablo Am\u00edlcar Sandoval Ballesteros present\u00f3 un juicio de impugnaci\u00f3n ante el Tribunal Federal Electoral (Trife), contra la candidatura de F\u00e9lix Salgado Macedonio en el partido Morena.<\/p>\n<p style=\"text-align: justify;\"><img loading=\"lazy\" decoding=\"async\" class=\"alignleft size-medium wp-image-1218728\" src=\"https:\/\/www.acapulco.press\/wp-content\/uploads\/2021\/01\/PABLO-AMILCAR-375x554.jpg\" alt=\"\" width=\"375\" height=\"554\" \/>Seg\u00fan documento filtrado a medios de comunicaci\u00f3n, con fecha 8 de enero, se\u00f1ala que Sandoval Ballesteros present\u00f3 un \u201cJuicio para la protecci\u00f3n de los derechos pol\u00edticos-electorales\u201d contra el Comit\u00e9 Ejecutivo Nacional de Morena \u201cy otros \u00f3rganos\u201d, por la decisi\u00f3n de designar a F\u00e9lix Salgado Macedonio.<\/p>\n<p style=\"text-align: justify;\">Desde el pasado 4 de enero, Pablo Am\u00edlcar Sandoval ha emprendido una serie de giras por diferentes puntos de Guerrero para informar a sus seguidores que, \u201cla lucha sigue\u201d.<\/p>\n<p style=\"text-align: justify;\">Ayer, \u00e9l tambi\u00e9n diputado local con licencia, visit\u00f3 el municipio de Tlacoachistlahuaca, en la regi\u00f3n Costa Chica, donde llam\u00f3 a los morenistas a organizarse, defender el movimiento y vigilar la selecci\u00f3n de candidatos.<\/p>\n<p style=\"text-align: justify;\">Tambi\u00e9n explic\u00f3 la importancia de ser vigilantes en la selecci\u00f3n de candidatos porque no se puede poner en riesgo la oportunidad de lograr un verdadero cambio de ra\u00edz en Guerrero, con aspirantes que no reflejen la honestidad, el trabajo y la dignidad del movimiento.<\/p>\n","protected":false},"excerpt":{"rendered":"<p>CHILPANCINGO. | 13 de enero de 2021. ] Especial. El exdelegado del Gobierno Federal, Pablo Am\u00edlcar Sandoval Ballesteros present\u00f3 un juicio de impugnaci\u00f3n ante el Tribunal Federal Electoral (Trife), contra la candidatura de F\u00e9lix Salgado Macedonio en el partido Morena. Seg\u00fan documento filtrado a medios de comunicaci\u00f3n, con fecha 8 de enero, se\u00f1ala que Sandoval&#8230;<\/p>\n","protected":false},"author":2,"featured_media":1218727,"comment_status":"closed","ping_status":"closed","sticky":false,"template":"","format":"standard","meta":{"footnotes":""},"categories":[1969],"tags":[8467,13297,14123,17390],"class_list":["post-1218726","post","type-post","status-publish","format-standard","has-post-thumbnail","hentry","category-trending","tag-felix-salgado-macedonio","tag-morena","tag-pablo-amilcar-sandoval-ballesteros","tag-tribunal-electoral-del-poder-judicial-de-la-federacion"],"_links":{"self":[{"href":"https:\/\/www.acapulcopress.com\/index.php\/wp-json\/wp\/v2\/posts\/1218726","targetHints":{"allow":["GET"]}}],"collection":[{"href":"https:\/\/www.acapulcopress.com\/index.php\/wp-json\/wp\/v2\/posts"}],"about":[{"href":"https:\/\/www.acapulcopress.com\/index.php\/wp-json\/wp\/v2\/types\/post"}],"author":[{"embeddable":true,"href":"https:\/\/www.acapulcopress.com\/index.php\/wp-json\/wp\/v2\/users\/2"}],"replies":[{"embeddable":true,"href":"https:\/\/www.acapulcopress.com\/index.php\/wp-json\/wp\/v2\/comments?post=1218726"}],"version-history":[{"count":0,"href":"https:\/\/www.acapulcopress.com\/index.php\/wp-json\/wp\/v2\/posts\/1218726\/revisions"}],"wp:featuredmedia":[{"embeddable":true,"href":"https:\/\/www.acapulcopress.com\/index.php\/wp-json\/"}],"wp:attachment":[{"href":"https:\/\/www.acapulcopress.com\/index.php\/wp-json\/wp\/v2\/media?parent=1218726"}],"wp:term":[{"taxonomy":"category","embeddable":true,"href":"https:\/\/www.acapulcopress.com\/index.php\/wp-json\/wp\/v2\/categories?post=1218726"},{"taxonomy":"post_tag","embeddable":true,"href":"https:\/\/www.acapulcopress.com\/index.php\/wp-json\/wp\/v2\/tags?post=1218726"}],"curies":[{"name":"wp","href":"https:\/\/api.w.org\/{rel}","templated":true}]}}