{"id":1218742,"date":"2021-01-13T19:28:40","date_gmt":"2021-01-14T01:28:40","guid":{"rendered":"https:\/\/www.acapulcopress.com\/?p=1218742"},"modified":"2021-01-13T19:28:40","modified_gmt":"2021-01-14T01:28:40","slug":"facilita-uagro-ultracongelador-a-secretaria-de-salud-para-vacunas-covid19","status":"publish","type":"post","link":"https:\/\/www.acapulcopress.com\/index.php\/2021\/01\/13\/facilita-uagro-ultracongelador-a-secretaria-de-salud-para-vacunas-covid19\/","title":{"rendered":"Facilita UAGro ultracongelador a Secretar\u00eda de Salud para vacunas Covid19"},"content":{"rendered":"<p style=\"text-align: justify;\">ACAPULCO. | 13 de enero de 2021.<br \/>\n<em>] UAGro.<\/em><\/p>\n<p style=\"text-align: justify;\"><img loading=\"lazy\" decoding=\"async\" class=\"alignleft size-medium wp-image-1218731\" src=\"https:\/\/www.acapulco.press\/wp-content\/uploads\/2021\/01\/ULTRACONGELADOR-UAGRO-375x500.jpg\" alt=\"\" width=\"375\" height=\"500\" \/>La Universidad Aut\u00f3noma de Guerrero facilit\u00f3 a la Secretar\u00eda de Salud del gobierno estatal, un ultracongelador perteneciente al Centro de Investigaci\u00f3n de Enfermedades Tropicales (CIET) para resguardar y mantener las vacunas contra el Covid-19 que envi\u00f3 el Gobierno de M\u00e9xico a Guerrero.<\/p>\n<p style=\"text-align: justify;\">El ultracongelador fue trasladado a la Jurisdicci\u00f3n Sanitaria 07 de Acapulco para resguardar parte de las dosis que ser\u00e1n utilizadas para vacunar primordialmente al personal de salud, tal y como lo anunci\u00f3 el gobernador, H\u00e9ctor Astudillo Flores.<\/p>\n<p style=\"text-align: justify;\">La UAGro informa que en caso de requerirse por los gobiernos Estatal y Federal, cuenta con otros 4 ultracongeladores especializados para mantener las vacunas: dos en la Facultad de Ciencias Qu\u00edmico Biol\u00f3gicas, otro en el Campus Tecpan y uno m\u00e1s en la Escuela Superior de Ciencias de la Tierra.<\/p>\n","protected":false},"excerpt":{"rendered":"<p>ACAPULCO. | 13 de enero de 2021. ] UAGro. La Universidad Aut\u00f3noma de Guerrero facilit\u00f3 a la Secretar\u00eda de Salud del gobierno estatal, un ultracongelador perteneciente al Centro de Investigaci\u00f3n de Enfermedades Tropicales (CIET) para resguardar y mantener las vacunas contra el Covid-19 que envi\u00f3 el Gobierno de M\u00e9xico a Guerrero. El ultracongelador fue trasladado&#8230;<\/p>\n","protected":false},"author":2,"featured_media":1218729,"comment_status":"closed","ping_status":"closed","sticky":false,"template":"","format":"standard","meta":{"footnotes":""},"categories":[18561,2016],"tags":[5510,6705,9705,10644,17463,17610,17746],"class_list":["post-1218742","post","type-post","status-publish","format-standard","has-post-thumbnail","hentry","category-society-politics","category-uagro-society-politics","tag-centro-de-investigacion-de-enfermedades-tropicales-ciet","tag-covid19","tag-hector-astudillo-flores","tag-javier-saldana-almazan","tag-uagro","tag-universidad-autonoma-de-guerrero-uagro","tag-vacunas-covid19"],"_links":{"self":[{"href":"https:\/\/www.acapulcopress.com\/index.php\/wp-json\/wp\/v2\/posts\/1218742","targetHints":{"allow":["GET"]}}],"collection":[{"href":"https:\/\/www.acapulcopress.com\/index.php\/wp-json\/wp\/v2\/posts"}],"about":[{"href":"https:\/\/www.acapulcopress.com\/index.php\/wp-json\/wp\/v2\/types\/post"}],"author":[{"embeddable":true,"href":"https:\/\/www.acapulcopress.com\/index.php\/wp-json\/wp\/v2\/users\/2"}],"replies":[{"embeddable":true,"href":"https:\/\/www.acapulcopress.com\/index.php\/wp-json\/wp\/v2\/comments?post=1218742"}],"version-history":[{"count":0,"href":"https:\/\/www.acapulcopress.com\/index.php\/wp-json\/wp\/v2\/posts\/1218742\/revisions"}],"wp:featuredmedia":[{"embeddable":true,"href":"https:\/\/www.acapulcopress.com\/index.php\/wp-json\/"}],"wp:attachment":[{"href":"https:\/\/www.acapulcopress.com\/index.php\/wp-json\/wp\/v2\/media?parent=1218742"}],"wp:term":[{"taxonomy":"category","embeddable":true,"href":"https:\/\/www.acapulcopress.com\/index.php\/wp-json\/wp\/v2\/categories?post=1218742"},{"taxonomy":"post_tag","embeddable":true,"href":"https:\/\/www.acapulcopress.com\/index.php\/wp-json\/wp\/v2\/tags?post=1218742"}],"curies":[{"name":"wp","href":"https:\/\/api.w.org\/{rel}","templated":true}]}}