{"id":1218748,"date":"2021-01-13T20:09:03","date_gmt":"2021-01-14T02:09:03","guid":{"rendered":"https:\/\/www.acapulcopress.com\/?p=1218748"},"modified":"2021-01-13T20:09:03","modified_gmt":"2021-01-14T02:09:03","slug":"atestiguo-astudillo-compromiso-de-jose-medina-como-nuevo-presidente-de-coparmex","status":"publish","type":"post","link":"https:\/\/www.acapulcopress.com\/index.php\/2021\/01\/13\/atestiguo-astudillo-compromiso-de-jose-medina-como-nuevo-presidente-de-coparmex\/","title":{"rendered":"Atestigu\u00f3 Astudillo compromiso de Jos\u00e9 Medina como nuevo presidente de Coparmex"},"content":{"rendered":"<p style=\"text-align: justify;\">CHILPANCINGO. | 13 de enero de 2021.<br \/>\n] Gobierno de Guerrero.<\/p>\n<p style=\"text-align: justify;\">El gobernador H\u00e9ctor Astudillo Flores particip\u00f3 en la sesi\u00f3n virtual de toma de compromiso de Jos\u00e9 Medina Mora Icaza, como nuevo presidente nacional de la Confederaci\u00f3n Patronal Mexicana (Coparmex) para el periodo 2021-2022, acto en el que tambi\u00e9n estuvo la secretaria de Econom\u00eda, Tatiana Clouthier Carrillo.<\/p>\n<p style=\"text-align: justify;\">Acompa\u00f1ado del secretario de Fomento y Desarrollo Econ\u00f3mico, \u00c1lvaro Burgos Barrera, el ejecutivo guerrerense expres\u00f3 su reconocimiento al presidente saliente de la agrupaci\u00f3n empresarial, Gustavo de Hoyos Walter, por la gran labor que desempe\u00f1\u00f3 al frente de la Coparmex.<\/p>\n<p style=\"text-align: justify;\">Mientras que al presidente entrante, Jos\u00e9 Medina Mora Icaza, le dese\u00f3 el mayor de los \u00e9xitos en este encargo y reafirm\u00f3 su compromiso de seguir colaborando coordinadamente con la delegaci\u00f3n empresarial en Guerrero.<\/p>\n<p style=\"text-align: justify;\">En su mensaje, De Hoyos Walter, agradeci\u00f3 el haber sido considerado para presidir cuatro periodos a esta organizaci\u00f3n empresarial.<\/p>\n<p style=\"text-align: justify;\">La titular de la Secretar\u00eda de Econom\u00eda, Tatiana Clouthier asegur\u00f3 que la dependencia que representa est\u00e1 en plena disposici\u00f3n de trabajar de la mano con la Coparmex en favor de M\u00e9xico.<\/p>\n<p style=\"text-align: justify;\">Manifest\u00f3 que entre las tareas que tiene la Confederaci\u00f3n, hay muchas coincidencias con los principios que rigen el trabajo de la Secretar\u00eda de Econom\u00eda: innovaci\u00f3n, inclusi\u00f3n y diversificaci\u00f3n.<\/p>\n<p style=\"text-align: justify;\">A su vez, el nuevo l\u00edder de Coparmex, Jos\u00e9 Medina Mora Icaza, ofreci\u00f3 a la Secretar\u00eda mantener un di\u00e1logo constante para lograr la reactivaci\u00f3n de la econom\u00eda.<\/p>\n","protected":false},"excerpt":{"rendered":"<p>CHILPANCINGO. | 13 de enero de 2021. ] Gobierno de Guerrero. El gobernador H\u00e9ctor Astudillo Flores particip\u00f3 en la sesi\u00f3n virtual de toma de compromiso de Jos\u00e9 Medina Mora Icaza, como nuevo presidente nacional de la Confederaci\u00f3n Patronal Mexicana (Coparmex) para el periodo 2021-2022, acto en el que tambi\u00e9n estuvo la secretaria de Econom\u00eda, Tatiana&#8230;<\/p>\n","protected":false},"author":2,"featured_media":1218749,"comment_status":"closed","ping_status":"closed","sticky":false,"template":"","format":"standard","meta":{"footnotes":""},"categories":[18573,1983],"tags":[6344,9302,9705,11094],"class_list":["post-1218748","post","type-post","status-publish","format-standard","has-post-thumbnail","hentry","category-goverment","category-guerrerogob","tag-confederacion-patronal-mexicana-coparmex","tag-gobierno-de-guerrero","tag-hector-astudillo-flores","tag-jose-medina-mora-icaza"],"_links":{"self":[{"href":"https:\/\/www.acapulcopress.com\/index.php\/wp-json\/wp\/v2\/posts\/1218748","targetHints":{"allow":["GET"]}}],"collection":[{"href":"https:\/\/www.acapulcopress.com\/index.php\/wp-json\/wp\/v2\/posts"}],"about":[{"href":"https:\/\/www.acapulcopress.com\/index.php\/wp-json\/wp\/v2\/types\/post"}],"author":[{"embeddable":true,"href":"https:\/\/www.acapulcopress.com\/index.php\/wp-json\/wp\/v2\/users\/2"}],"replies":[{"embeddable":true,"href":"https:\/\/www.acapulcopress.com\/index.php\/wp-json\/wp\/v2\/comments?post=1218748"}],"version-history":[{"count":0,"href":"https:\/\/www.acapulcopress.com\/index.php\/wp-json\/wp\/v2\/posts\/1218748\/revisions"}],"wp:featuredmedia":[{"embeddable":true,"href":"https:\/\/www.acapulcopress.com\/index.php\/wp-json\/"}],"wp:attachment":[{"href":"https:\/\/www.acapulcopress.com\/index.php\/wp-json\/wp\/v2\/media?parent=1218748"}],"wp:term":[{"taxonomy":"category","embeddable":true,"href":"https:\/\/www.acapulcopress.com\/index.php\/wp-json\/wp\/v2\/categories?post=1218748"},{"taxonomy":"post_tag","embeddable":true,"href":"https:\/\/www.acapulcopress.com\/index.php\/wp-json\/wp\/v2\/tags?post=1218748"}],"curies":[{"name":"wp","href":"https:\/\/api.w.org\/{rel}","templated":true}]}}