{"id":1218756,"date":"2021-01-13T20:47:26","date_gmt":"2021-01-14T02:47:26","guid":{"rendered":"https:\/\/www.acapulcopress.com\/?p=1218756"},"modified":"2021-01-13T20:47:26","modified_gmt":"2021-01-14T02:47:26","slug":"sin-contratiempos-inicio-vacunacion-contra-covid-19-a-personal-medico-informa-astudillo","status":"publish","type":"post","link":"https:\/\/www.acapulcopress.com\/index.php\/2021\/01\/13\/sin-contratiempos-inicio-vacunacion-contra-covid-19-a-personal-medico-informa-astudillo\/","title":{"rendered":"Sin contratiempos inici\u00f3 vacunaci\u00f3n contra Covid-19 a personal m\u00e9dico, informa Astudillo"},"content":{"rendered":"<p style=\"text-align: justify;\">CHILPANCINGO. | 13 de enero de 2021.<br \/>\n<em>] Gobierno de Guerrero.<\/em><\/p>\n<p style=\"text-align: justify;\">Con un reconocimiento a los elementos de la Secretar\u00eda de Seguridad P\u00fablica por el d\u00eda del Polic\u00eda Estatal, el gobernador H\u00e9ctor Astudillo Flores anunci\u00f3 que este mi\u00e9rcoles inici\u00f3 el proceso de vacunaci\u00f3n a personal del sector Salud que est\u00e1 en la primera l\u00ednea de atenci\u00f3n de pacientes infectados por Covid-19.<\/p>\n<p style=\"text-align: justify;\">En la transmisi\u00f3n diaria, acompa\u00f1ado del secretario de Finanzas y Administraci\u00f3n, Tulio Samuel P\u00e9rez Calvo; del secretario de Salud, Carlos de la Pe\u00f1a Pintos, el mandatario estatal se\u00f1al\u00f3 que la aplicaci\u00f3n de las primeras 9 mil 820 dosis de la vacuna contra el Covid-19, en su primera etapa contempla al personal m\u00e9dico del sector salud que se encuentra en primera l\u00ednea de atenci\u00f3n a los pacientes de este virus.<\/p>\n<p style=\"text-align: justify;\">Hizo un llamado a la poblaci\u00f3n a que no se deje sorprender porque la vacuna contra el Covid-19 no se comercializar\u00e1, y solo se aplicar\u00e1 a trav\u00e9s de las v\u00edas institucionales, es decir, que su aplicaci\u00f3n ser\u00e1 \u00fanica y exclusivamente, a trav\u00e9s del personal de salud de los gobiernos estatal y federal.<\/p>\n<p style=\"text-align: justify;\">En este sentido, dijo que de acuerdo al esquema de vacunaci\u00f3n existente, el primer grupo en recibir la vacuna es el personal m\u00e9dico y posteriormente se aplicar\u00e1 a los adultos mayores, por ser el sector m\u00e1s vulnerable que registra el mayor n\u00famero de fallecimientos.<\/p>\n<p style=\"text-align: justify;\">El secretario de Salud, Carlos de la Pe\u00f1a Pintos, detall\u00f3 que las 9 mil 820 dosis de vacuna contra el Covid-19 que llegaron ayer al estado, fueron enviadas, bajo la coordinaci\u00f3n de la Secretar\u00eda de Marina, a los distintos hospitales del estado, para dar inicio este mi\u00e9rcoles con su aplicaci\u00f3n a todo el personal m\u00e9dico de primera l\u00ednea de atenci\u00f3n, que se espera concluir en tres d\u00edas, quedando pendiente la segunda dosis que deber\u00e1 aplicarse dentro de tres semanas.<\/p>\n<p style=\"text-align: justify;\">Al presentar el reporte t\u00e9cnico sobre la evoluci\u00f3n del Covid-19 en la entidad, Carlos de la Pe\u00f1a Pintos detall\u00f3 que Guerrero acumula 27 mil 308 casos positivos y 2 mil 799 defunciones.<\/p>\n<p style=\"text-align: justify;\">En las \u00faltimas 24 horas se registraron 142 nuevos casos y se mantienen 559 casos activos, siendo Taxco el municipio que registra una mayor incidencia en este rubro.<\/p>\n<p style=\"text-align: justify;\">De la Pe\u00f1a Pintos indic\u00f3 que hay 337 pacientes hospitalizados, 135 de ellos estables, 146 graves y 56 intubados, manteniendo una hospitalizaci\u00f3n promedio del 52 por ciento, debajo de la media nacional que es del 58 por ciento, las defunciones se mantienen en un promedio de 15.2 decesos por d\u00eda.<\/p>\n<p style=\"text-align: justify;\"><strong>Reconocimiento a elementos de la SSP en D\u00eda del Polic\u00eda Estatal<\/strong><\/p>\n<p style=\"text-align: justify;\">En esta ocasi\u00f3n, el ejecutivo guerrerense estuvo acompa\u00f1ado de los oficiales Luz Elena Garc\u00eda Romero y William Cort\u00e9s Valdivia, a quienes pidi\u00f3 que transmitan su reconocimiento a sus compa\u00f1eros de la Polic\u00eda del Estado, porque es una corporaci\u00f3n conformada por mujeres y hombres con un gran valor y con una gran determinaci\u00f3n que han colaborado para lograr que se pueda tener mejores condiciones de seguridad en Guerrero.<\/p>\n<p style=\"text-align: justify;\">\u201cNo son los tiempos de hace 5 a\u00f1os o algo de hace 6, son tiempos diferentes y esto permite por supuesto que se pueda vivir en mejores condiciones en el tema de seguridad, Guerrero, que anteriormente estaba en los primeros lugares de todo lo malo, hoy Guerrero pues anda en alrededor del d\u00e9cimo lugar, que estamos en espera, esperamos salir en d\u00e9cimo lugar y todo esto se debe a que ha habido una gran coordinaci\u00f3n con la Defensa Nacional, con la Marina, con la Fiscal\u00eda del Estado, con la Guardia Nacional, pero tambi\u00e9n con la Polic\u00eda del Estado\u201d, apunt\u00f3.<\/p>\n","protected":false},"excerpt":{"rendered":"<p>CHILPANCINGO. | 13 de enero de 2021. ] Gobierno de Guerrero. Con un reconocimiento a los elementos de la Secretar\u00eda de Seguridad P\u00fablica por el d\u00eda del Polic\u00eda Estatal, el gobernador H\u00e9ctor Astudillo Flores anunci\u00f3 que este mi\u00e9rcoles inici\u00f3 el proceso de vacunaci\u00f3n a personal del sector Salud que est\u00e1 en la primera l\u00ednea de&#8230;<\/p>\n","protected":false},"author":2,"featured_media":1218757,"comment_status":"closed","ping_status":"closed","sticky":false,"template":"","format":"standard","meta":{"footnotes":""},"categories":[18573,1983],"tags":[6705,7207,9302,9705,16421,17728],"class_list":["post-1218756","post","type-post","status-publish","format-standard","has-post-thumbnail","hentry","category-goverment","category-guerrerogob","tag-covid19","tag-dia-del-policia-estatal","tag-gobierno-de-guerrero","tag-hector-astudillo-flores","tag-semaforo-de-riesgo-covid19","tag-vacuna-covid19"],"_links":{"self":[{"href":"https:\/\/www.acapulcopress.com\/index.php\/wp-json\/wp\/v2\/posts\/1218756","targetHints":{"allow":["GET"]}}],"collection":[{"href":"https:\/\/www.acapulcopress.com\/index.php\/wp-json\/wp\/v2\/posts"}],"about":[{"href":"https:\/\/www.acapulcopress.com\/index.php\/wp-json\/wp\/v2\/types\/post"}],"author":[{"embeddable":true,"href":"https:\/\/www.acapulcopress.com\/index.php\/wp-json\/wp\/v2\/users\/2"}],"replies":[{"embeddable":true,"href":"https:\/\/www.acapulcopress.com\/index.php\/wp-json\/wp\/v2\/comments?post=1218756"}],"version-history":[{"count":0,"href":"https:\/\/www.acapulcopress.com\/index.php\/wp-json\/wp\/v2\/posts\/1218756\/revisions"}],"wp:featuredmedia":[{"embeddable":true,"href":"https:\/\/www.acapulcopress.com\/index.php\/wp-json\/"}],"wp:attachment":[{"href":"https:\/\/www.acapulcopress.com\/index.php\/wp-json\/wp\/v2\/media?parent=1218756"}],"wp:term":[{"taxonomy":"category","embeddable":true,"href":"https:\/\/www.acapulcopress.com\/index.php\/wp-json\/wp\/v2\/categories?post=1218756"},{"taxonomy":"post_tag","embeddable":true,"href":"https:\/\/www.acapulcopress.com\/index.php\/wp-json\/wp\/v2\/tags?post=1218756"}],"curies":[{"name":"wp","href":"https:\/\/api.w.org\/{rel}","templated":true}]}}