{"id":1218763,"date":"2021-01-13T21:00:08","date_gmt":"2021-01-14T03:00:08","guid":{"rendered":"https:\/\/www.acapulcopress.com\/?p=1218763"},"modified":"2021-01-13T21:00:08","modified_gmt":"2021-01-14T03:00:08","slug":"amlo-instruye-a-consejeria-juridica-negociar-contratos-de-penales-federales-privatizados","status":"publish","type":"post","link":"https:\/\/www.acapulcopress.com\/index.php\/2021\/01\/13\/amlo-instruye-a-consejeria-juridica-negociar-contratos-de-penales-federales-privatizados\/","title":{"rendered":"AMLO instruye a Consejer\u00eda Jur\u00eddica negociar contratos de penales federales privatizados"},"content":{"rendered":"<p style=\"text-align: justify;\">PALCIO NACIONAL. | 13 de enero de 2021.<br \/>\n<em>] Gobierno de M\u00e9xico.<\/em><\/p>\n<p style=\"text-align: justify;\">El presidente Andr\u00e9s Manuel L\u00f3pez Obrador encabez\u00f3 la presentaci\u00f3n del reporte de la revisi\u00f3n de los contratos de prestaci\u00f3n de servicios privados en penales federales del pa\u00eds.<\/p>\n<p style=\"text-align: justify;\">El mandatario instruy\u00f3 a la Consejer\u00eda Jur\u00eddica de la Presidencia de la Rep\u00fablica dialogar con los proveedores para llegar a acuerdos que reviertan las cl\u00e1usulas abusivas a la Hacienda p\u00fablica.<\/p>\n<p style=\"text-align: justify;\">Anunci\u00f3 que de no concretar una soluci\u00f3n se presentar\u00e1 una denuncia en lo civil para cancelar los contratos.<\/p>\n<p style=\"text-align: justify;\">\u201cSon empresas muy vinculadas a pol\u00edticos y esto es lo que ya no queremos que vuelva a suceder en el pa\u00eds. es un bot\u00f3n de muestra desgraciadamente porque esto se extendi\u00f3 por todo el gobierno. Se dedicaron a saquear durante el periodo neoliberal; privatizaci\u00f3n, sin\u00f3nimo de corrupci\u00f3n\u201d, apunt\u00f3.<\/p>\n<p style=\"text-align: justify;\">En conferencia de prensa matutina, la secretaria de Seguridad y Protecci\u00f3n Ciudadana, Rosa Icela Rodr\u00edguez Vel\u00e1zquez, detall\u00f3 que con la Consejer\u00eda Jur\u00eddica de la Presidencia de la Rep\u00fablica se analizaron ocho contratos de centros penales en Sonora, Guanajuato, Oaxaca, Durango, Chiapas, Morelos y Michoac\u00e1n.<\/p>\n<p style=\"text-align: justify;\">Estos fueron suscritos por Gonzalo Villarreal Guerra, coordinador general de Centros Federales; Arturo Sosa Viderique, director general de Administraci\u00f3n de la ex Coordinaci\u00f3n General de Centros Federales y Marco Antonio Villarreal Guti\u00e9rrez, director de adquisiciones de la misma dependencia, durante la administraci\u00f3n de Felipe Calder\u00f3n Hinojosa, cuando el Genaro Garc\u00eda Luna era secretario de Seguridad.<\/p>\n<p style=\"text-align: justify;\">En los \u00faltimos nueve a\u00f1os se ha pagado un total de 75 mil 661 millones 735 mil 763 pesos. Esta cantidad es correspondiente al 36 por ciento del pago total.<\/p>\n<p style=\"text-align: justify;\">Hay un monto pendiente por pagar en los a\u00f1os siguientes de 190 mil 638 millones de pesos que en algunos penales corresponder\u00e1 hasta el 2032 y en otros hasta el 2036 o 2037. As\u00ed, el costo proyectado a 20 a\u00f1os se aproxima a los 266 mil 300 millones de pesos.<\/p>\n<p style=\"text-align: justify;\">En los ocho centros penitenciarios privatizados en los que se realiz\u00f3 la revisi\u00f3n hay un total de 12 mil 284 Personas Privadas de la Libertad (PPL).<\/p>\n<p style=\"text-align: justify;\">La secretaria de Seguridad indic\u00f3 que en 2020 el gasto por PPL al d\u00eda fue de 2 mil 558.62 pesos en Sonora, por ejemplo, y hasta 5 mil 69.16 pesos en Michoac\u00e1n.<\/p>\n<p style=\"text-align: justify;\">El consejero jur\u00eddico de la Presidencia de la Rep\u00fablica, Julio Scherer Ibarra, indic\u00f3 que uno de los contratos por casi 270 mil millones de pesos, se asign\u00f3 en la administraci\u00f3n federal antepasada por adjudicaci\u00f3n directa.<\/p>\n<p style=\"text-align: justify;\">El jefe del Ejecutivo dijo que aun cuando todav\u00eda no se termina de limpiar el gobierno de pr\u00e1cticas ilegales \u201cestamos convencidos y comprometidos a desterrar la corrupci\u00f3n del pa\u00eds\u201d.<\/p>\n","protected":false},"excerpt":{"rendered":"<p>PALCIO NACIONAL. | 13 de enero de 2021. ] Gobierno de M\u00e9xico. El presidente Andr\u00e9s Manuel L\u00f3pez Obrador encabez\u00f3 la presentaci\u00f3n del reporte de la revisi\u00f3n de los contratos de prestaci\u00f3n de servicios privados en penales federales del pa\u00eds. El mandatario instruy\u00f3 a la Consejer\u00eda Jur\u00eddica de la Presidencia de la Rep\u00fablica dialogar con los&#8230;<\/p>\n","protected":false},"author":2,"featured_media":1218764,"comment_status":"closed","ping_status":"closed","sticky":false,"template":"","format":"standard","meta":{"footnotes":""},"categories":[1969],"tags":[3896,6405,15802,16282],"class_list":["post-1218763","post","type-post","status-publish","format-standard","has-post-thumbnail","hentry","category-trending","tag-andres-manuel-lopez-obrador","tag-consejeria-juridica-de-la-presidencia-de-la-republica","tag-rosa-icela-rodriguez-velazquez","tag-secretaria-de-seguridad-y-proteccion-ciudadana"],"_links":{"self":[{"href":"https:\/\/www.acapulcopress.com\/index.php\/wp-json\/wp\/v2\/posts\/1218763","targetHints":{"allow":["GET"]}}],"collection":[{"href":"https:\/\/www.acapulcopress.com\/index.php\/wp-json\/wp\/v2\/posts"}],"about":[{"href":"https:\/\/www.acapulcopress.com\/index.php\/wp-json\/wp\/v2\/types\/post"}],"author":[{"embeddable":true,"href":"https:\/\/www.acapulcopress.com\/index.php\/wp-json\/wp\/v2\/users\/2"}],"replies":[{"embeddable":true,"href":"https:\/\/www.acapulcopress.com\/index.php\/wp-json\/wp\/v2\/comments?post=1218763"}],"version-history":[{"count":0,"href":"https:\/\/www.acapulcopress.com\/index.php\/wp-json\/wp\/v2\/posts\/1218763\/revisions"}],"wp:featuredmedia":[{"embeddable":true,"href":"https:\/\/www.acapulcopress.com\/index.php\/wp-json\/"}],"wp:attachment":[{"href":"https:\/\/www.acapulcopress.com\/index.php\/wp-json\/wp\/v2\/media?parent=1218763"}],"wp:term":[{"taxonomy":"category","embeddable":true,"href":"https:\/\/www.acapulcopress.com\/index.php\/wp-json\/wp\/v2\/categories?post=1218763"},{"taxonomy":"post_tag","embeddable":true,"href":"https:\/\/www.acapulcopress.com\/index.php\/wp-json\/wp\/v2\/tags?post=1218763"}],"curies":[{"name":"wp","href":"https:\/\/api.w.org\/{rel}","templated":true}]}}