{"id":1218781,"date":"2021-01-13T21:54:53","date_gmt":"2021-01-14T03:54:53","guid":{"rendered":"https:\/\/www.acapulcopress.com\/?p=1218781"},"modified":"2021-01-13T21:54:53","modified_gmt":"2021-01-14T03:54:53","slug":"preparan-peticion-de-expulsion-de-pablo-amilcar-sandoval-por-danar-imagen-de-morena","status":"publish","type":"post","link":"https:\/\/www.acapulcopress.com\/index.php\/2021\/01\/13\/preparan-peticion-de-expulsion-de-pablo-amilcar-sandoval-por-danar-imagen-de-morena\/","title":{"rendered":"Preparan petici\u00f3n de expulsi\u00f3n de Pablo Amilcar Sandoval por da\u00f1ar imagen de Morena"},"content":{"rendered":"<p style=\"text-align: justify;\">ACAPULO. | 13 de enero de 2021.<br \/>\n<em>] Acapulco Press<\/em>.<\/p>\n<p style=\"text-align: justify;\">Sergio Montes Carrillo, ex consejero de Morena ante el Instituto Electoral y de Participaci\u00f3n Ciudadana del Estado de Guerrero (IEPCGro), solicitar\u00e1 al Comit\u00e9 Ejecutivo Nacional de su partido la expulsi\u00f3n del ex delegado federal Pablo Am\u00edlcar Sandoval Ballesteros por el da\u00f1o que est\u00e1 causando a la imagen de Morena en Guerrero, en su af\u00e1n de dejar fuera a F\u00e9lix Salgado y apropiarse de la candidatura del partido a la gubernatura del estado que el Comit\u00e9 Nacional otorg\u00f3 a Salgado tras declararlo ganador de las encuestas, cuyos resultados todos los participantes acordaron respetar.<\/p>\n<p>El anuncio fue realizado esta noche, a trav\u00e9s del programa radiof\u00f3nico \u201cControversias\u201d, que conduce el periodista Igor Pettit.<br \/>\nwww<strong>.acapulcopress.<\/strong>com<\/p>\n","protected":false},"excerpt":{"rendered":"<p>ACAPULO. | 13 de enero de 2021. ] Acapulco Press. Sergio Montes Carrillo, ex consejero de Morena ante el Instituto Electoral y de Participaci\u00f3n Ciudadana del Estado de Guerrero (IEPCGro), solicitar\u00e1 al Comit\u00e9 Ejecutivo Nacional de su partido la expulsi\u00f3n del ex delegado federal Pablo Am\u00edlcar Sandoval Ballesteros por el da\u00f1o que est\u00e1 causando a&#8230;<\/p>\n","protected":false},"author":2,"featured_media":1218782,"comment_status":"closed","ping_status":"closed","sticky":false,"template":"","format":"standard","meta":{"footnotes":""},"categories":[1972,18577],"tags":[8467,13297,14123,16512],"class_list":["post-1218781","post","type-post","status-publish","format-standard","has-post-thumbnail","hentry","category-special","category-politica-la-foto","tag-felix-salgado-macedonio","tag-morena","tag-pablo-amilcar-sandoval-ballesteros","tag-sergio-montes-carrillo"],"_links":{"self":[{"href":"https:\/\/www.acapulcopress.com\/index.php\/wp-json\/wp\/v2\/posts\/1218781","targetHints":{"allow":["GET"]}}],"collection":[{"href":"https:\/\/www.acapulcopress.com\/index.php\/wp-json\/wp\/v2\/posts"}],"about":[{"href":"https:\/\/www.acapulcopress.com\/index.php\/wp-json\/wp\/v2\/types\/post"}],"author":[{"embeddable":true,"href":"https:\/\/www.acapulcopress.com\/index.php\/wp-json\/wp\/v2\/users\/2"}],"replies":[{"embeddable":true,"href":"https:\/\/www.acapulcopress.com\/index.php\/wp-json\/wp\/v2\/comments?post=1218781"}],"version-history":[{"count":0,"href":"https:\/\/www.acapulcopress.com\/index.php\/wp-json\/wp\/v2\/posts\/1218781\/revisions"}],"wp:featuredmedia":[{"embeddable":true,"href":"https:\/\/www.acapulcopress.com\/index.php\/wp-json\/"}],"wp:attachment":[{"href":"https:\/\/www.acapulcopress.com\/index.php\/wp-json\/wp\/v2\/media?parent=1218781"}],"wp:term":[{"taxonomy":"category","embeddable":true,"href":"https:\/\/www.acapulcopress.com\/index.php\/wp-json\/wp\/v2\/categories?post=1218781"},{"taxonomy":"post_tag","embeddable":true,"href":"https:\/\/www.acapulcopress.com\/index.php\/wp-json\/wp\/v2\/tags?post=1218781"}],"curies":[{"name":"wp","href":"https:\/\/api.w.org\/{rel}","templated":true}]}}